{"id":1074,"date":"2012-11-20T19:52:12","date_gmt":"2012-11-20T19:52:12","guid":{"rendered":"http:\/\/quasarcomunicacion.wordpress.com\/?p=1074"},"modified":"2012-11-20T19:52:12","modified_gmt":"2012-11-20T19:52:12","slug":"patricia-robiano-presento-en-lujan-su-primer-libro-mentes-delgadas-cuerpos-saludables","status":"publish","type":"post","link":"https:\/\/quasarcomunicacion.com.ar\/web\/patricia-robiano-presento-en-lujan-su-primer-libro-mentes-delgadas-cuerpos-saludables\/","title":{"rendered":"Patricia Robiano present\u00f3 en Luj\u00e1n su primer libro &quot;Mentes Delgadas, Cuerpos Saludables&quot;"},"content":{"rendered":"<p><span style=\"font-family:Verdana;font-size:small;\">El Museo de Bellas Artes de Luj\u00e1n fue el lugar elegido para la presentaci\u00f3n del primer libro de la Lic. Patricia Robiano denominado\u00a0<\/span><b style=\"font-size:small;\">\u201cMentes delgadas, Cuerpos saludables\u00bb.<\/b><span style=\"font-family:Verdana;font-size:small;\">\u00a0Tambi\u00e9n aprovech\u00f3 la ocasi\u00f3n para presentar sus webs renovadas\u00a0<\/span><a style=\"font-size:small;\" href=\"http:\/\/www.patriciarobiano.com\/\" target=\"_blank\" rel=\"noopener noreferrer\">www.patriciarobiano.com<\/a><span style=\"font-family:Verdana;font-size:small;\">\u00a0y<\/span><a style=\"font-size:small;\" href=\"http:\/\/www.mentesdelgadas.com\/\" target=\"_blank\" rel=\"noopener noreferrer\">www.mentesdelgadas.com<!--more--><\/a><br \/>\n<img loading=\"lazy\" alt=\"\" src=\"http:\/\/www.quasarcomunicacion.com.ar\/mentesdelgadas\/librolujan.gif\" height=\"375\" width=\"500\" \/><br \/>\n<span style=\"font-family:Verdana;font-size:small;\">Album de im\u00e1genes:<\/span><span style=\"font-family:Verdana;font-size:xx-small;\">\u00a0<a href=\"http:\/\/www.facebook.com\/media\/set\/?set=a.10151298332775269.527564.63346165268&amp;type=3\">http:\/\/www.facebook.com\/media\/set\/?set=a.10151298332775269.527564.63346165268&amp;type=3<\/a><\/span><br \/>\n<span style=\"font-family:Verdana;font-size:small;\">Adem\u00e1s de firmar los libros de aquellas personas que se llevaron un ejemplar, la coach\u00a0<b>Patricia Robiano<\/b>\u00a0brind\u00f3 una charla a los asistentes haciendo hincapi\u00e9 en que \u00abel malestar con el cuerpo, incluso el sobrepeso, est\u00e1 comandado por algo m\u00e1s, relacionado con el sistema de creencias que act\u00faa sobre nuestras acciones\u00bb y que \u201cel alimento tiene un poder muy grande en nuestro cuerpo, tanto de equilibrar y sanar, como de desequilibrar, por eso, comenzar teniendo una alimentaci\u00f3n saludable y combinada es fundamental para lograr mayor bienestar\u201d\u201d. De ah\u00ed surge el libro, ya que conseguir un cuerpo saludable depende en gran medida del enfoque con la cual encaremos el proceso.<\/span><br \/>\n<span style=\"font-family:Verdana;font-size:small;\">\u00abEs importante cuidarnos, comer sano, hacer ejercicio f\u00edsico. Cuidar el cuerpo es hasta m\u00e1s importante que cuidar tu trabajo, porque tu trabajo depende de tu cuerpo, el cuerpo es la herramienta para todo\u00bb, dijo.<\/span><br \/>\n<span style=\"font-family:Verdana;font-size:small;\">La especialista asegur\u00f3 que \u00abestamos inmersos en un sistema donde los dolores, la falta de sue\u00f1o, el desgano tiende a ser normal y se trata con diversos paliativos, pero no es as\u00ed, no es normal\u00bb.<\/span><br \/>\n<img loading=\"lazy\" alt=\"\" src=\"http:\/\/www.quasarcomunicacion.com.ar\/mentesdelgadas\/librolujan1.gif\" height=\"412\" width=\"500\" \/><br \/>\n<span style=\"font-family:Verdana;font-size:small;\">Al respecto, dijo que lo mejor para cambiar, es hacerlo aumentando nuestro \u00abcoeficiente de optimismo. La persona optimista tiene m\u00e1s posibilidades de conseguir lo que quiere. Es fundamental la actitud para enfrentar estas situaciones\u00bb.<\/span><br \/>\n<span style=\"font-family:Verdana;font-size:small;\">\u00abEstamos comandados por un sistema de creencias que enfocan hacia lo negativo. Por eso es necesario buscar informaci\u00f3n id\u00f3nea y crear una red social que favorezca nuestra actitud positiva\u00bb, asegur\u00f3.<\/span><br \/>\n<span style=\"font-family:Verdana;font-size:small;\">Una frase que utiliz\u00f3 la especialista en varias oportunidades fue la que asegura que \u00abel cuerpo, en la gran mayor\u00eda de sus procesos, es reversible\u00bb.<\/span><br \/>\n<img loading=\"lazy\" alt=\"\" src=\"http:\/\/www.quasarcomunicacion.com.ar\/mentesdelgadas\/libro1.gif\" height=\"360\" width=\"480\" \/><br \/>\n<span style=\"font-family:Verdana;font-size:small;\">\u00abPara poder mantener una alimentaci\u00f3n saludable y un modo de vida activo, es importante reforzar las convicciones, no tanto el conocimiento o la raz\u00f3n. Hay que decirse a uno mismo \u00abYo puedo, yo quiero\u00bb y sobre esa base generar un ambiente positivo\u00bb.<\/span><br \/>\n<span style=\"font-family:Verdana;font-size:small;\">\u00abCambiamos si cambiamos nuestros sistemas de creencias respecto del modo en como creemos que podemos cuidar nuestro cuerpo. Por eso es importante dar pasos firmes, para reprogramarse\u00bb, indic\u00f3.<\/span><br \/>\n<span style=\"font-family:Verdana;font-size:small;\">En cuanto al libro, contiene material de lectura y ejercicios de reprogramaci\u00f3n mental destinados a fijar el contenido expresado en cada cap\u00edtulo con el objetivo de compartir con aquel que desee perder peso y mantenerlo \u00f3ptimo toda su vida.<\/span><\/p>\n<div align=\"center\">\n<table id=\"AutoNumber9\" width=\"90%\" border=\"0\" cellspacing=\"4\" cellpadding=\"4\">\n<tbody>\n<tr>\n<td><i><span style=\"font-family:Verdana;font-size:xx-small;\">La lic. Patricia Robiano\u00a0<\/span><\/i><span style=\"font-family:Verdana;font-size:xx-small;\"><i>est\u00e1 disponible para consultas o entrevistas sobre el tema. Comunicarse al\u00a0\u00a0<img alt=\"\" src=\"\/\/lifbcibllhkdhoafpjfnlhfpfgnpldfl\/numbers_button_skype_logo.png\" \/>0230-4664772\u00a0\u00f3 011-15-6096-4656 para concretarlas o enviar un mail a<a href=\"mailto:noelia@quasarcomunicacion.com.ar\">fernanda@quasarcomunicacion.com.ar<\/a>\u00a0<\/i><\/span><\/td>\n<\/tr>\n<\/tbody>\n<\/table>\n<\/div>\n<p><span style=\"font-family:Verdana;font-size:small;\">Tambi\u00e9n se compartieron las experiencias y logros de personas que tuvieron un\u00a0nexo en com\u00fan: su imperioso deseo de adelgazar y cambiar.<\/span><br \/>\n<b><span style=\"font-family:Verdana;font-size:small;\">Acerca de \u00abMentes Delgadas, Cuerpos Saludables\u00bb<\/span><\/b><br \/>\n<i><img loading=\"lazy\" alt=\"\" src=\"http:\/\/www.quasarcomunicacion.com.ar\/mentesdelgadas\/libro.gif\" height=\"475\" width=\"300\" \/><\/i><span style=\"font-family:Verdana;font-size:small;\"><b>\u00abMentes delgadas, Cuerpos saludables\u201d\u00a0<\/b>fue elaborado por Patricia Robiano durante su estancia en Espa\u00f1a donde tom\u00f3 de ejemplo a alguno de sus pacientes para ahora compartir sus historias para que otros tambi\u00e9n pueda dar el paso definitivo al cambio deseado.<\/span><br \/>\n<span style=\"font-family:Verdana;font-size:small;\"><b>\u201cMentes Delgadas, Cuerpos Saludables\u00bb<\/b>\u00a0es un libro de autoayuda en el adelgazamiento, de f\u00e1cil lectura que develar\u00e1 por qu\u00e9, incluso sabiendo casi a la perfecci\u00f3n todo aquello que se tiene que hacer para \u201ccuidarse\u201d, una vez iniciado el plan de adelgazamiento elegido, no se llega a mantene con la suficiente motivaci\u00f3n hasta obtener el peso que se desea e incluso para luego mantenerlo.<\/span><br \/>\n<span style=\"font-family:Verdana;font-size:small;\">El lector descubrir\u00e1 tambi\u00e9n por qu\u00e9 ni la obediencia, ni la cantidad de informaci\u00f3n y, mucho menos, la voluntad son los mejores recursos para que se llegue a cumplir el objetivo planteado, sino qu\u00e9, para poder llevar a cabo un estilo de vida m\u00e1s saludable es fundamental aprender a reprogramarse primero desde el pensamiento, para obtener nuevos valores que hagan de comer saludablemente y hacer ejercicio f\u00edsico una verdadera elecci\u00f3n.<\/span><br \/>\n<span style=\"font-family:Verdana;font-size:small;\"><b>\u201cMentes delgadas, cuerpos saludables\u201d<\/b>\u00a0es un libro que se gest\u00f3 en Espa\u00f1a, durante los a\u00f1os de residencia de la autora all\u00ed, y termin\u00f3 de imprimirse en Buenos Aires, Argentina en el a\u00f1o 2012 por la editorial Aquitania. Actualmente se hace presente en el mercado en formato e-book disponible para adquirir desde amazon.com o desde la web de la autora; o impreso y distribuido por las Librer\u00edas Yenny de todo el pa\u00eds, destac\u00e1ndose como un referente entre los libros de autoayuda para el adelgazamiento, conduciendo a sus lectores por los distintos matices emocionales que surgen durante el proceso de adelgazamiento hasta proporcionarles las herramientas para que puedan definitivamente practicar una relaci\u00f3n mucho m\u00e1s saludable con su cuerpo, situaci\u00f3n que queda muy bien expresada bajo las palabras de la reconocida escritora, astr\u00f3loga y poetisa Ludovica Squirru Dari:\u00a0<b>\u201cCuando le\u00ed el mensaje que tiene tu libro, Patricia, sent\u00ed alivio. Al f\u00edn alguien empieza por la propia historia y lo que nos pas\u00f3 en cada etapa para llegar a sentirnos con alineaci\u00f3n y balanceo\u201d. \u201cAgradezco a Patricia Robiano por guiarnos con su libro, para reencontrarnos nuevamente con la posibilidad de sentirnos renovados f\u00edsica y espiritualmente con sus consejos en el a\u00f1o del drag\u00f3n\u201d.<\/b><\/span><\/p>\n<div align=\"center\">\n<table id=\"AutoNumber8\" width=\"90%\" border=\"0\" cellspacing=\"4\" cellpadding=\"4\">\n<tbody>\n<tr>\n<td><i><span style=\"font-family:Verdana;font-size:xx-small;\">La lic. Patricia Robiano\u00a0<\/span><\/i><span style=\"font-family:Verdana;font-size:xx-small;\"><i>est\u00e1 disponible para consultas o entrevistas sobre el tema. Comunicarse al\u00a0\u00a0<img alt=\"\" src=\"\/\/lifbcibllhkdhoafpjfnlhfpfgnpldfl\/numbers_button_skype_logo.png\" \/>0230-4664772\u00a0\u00f3 011-15-6096-4656 para concretarlas o enviar un mail a<a href=\"mailto:noelia@quasarcomunicacion.com.ar\">fernanda@quasarcomunicacion.com.ar<\/a>\u00a0<\/i><\/span><\/td>\n<\/tr>\n<\/tbody>\n<\/table>\n<\/div>\n<p><span style=\"font-family:Verdana;font-size:small;\"><b>Datos de contacto:<\/b><br \/>\n\u2022\u00a0<a href=\"http:\/\/www.patriciarobiano.com\/\">www.patriciarobiano.com<\/a>\u00a0 \/\u00a0<a href=\"http:\/\/www.facebook.com\/patriciarobiano\">www.facebook.com\/patriciarobiano<\/a>\u00a0 (perfil)<br \/>\n\u2022\u00a0<a href=\"mailto:turnos@patriciarobiano.com\">turnos@patriciarobiano.com<\/a><\/span><br \/>\n<b><span style=\"font-family:Verdana;font-size:small;\">Acerca de Patricia Robiano<\/span><\/b><br \/>\n<span style=\"font-family:Verdana;font-size:xx-small;\">Coach Personal y Mentor Nutricional<\/span><br \/>\n<span style=\"font-family:Verdana;font-size:xx-small;\">Antropometrista Internacional<\/span><br \/>\n<span style=\"font-family:Verdana;font-size:xx-small;\">Licenciada en Nutrici\u00f3n. Universidad de Buenos Aires. M.P 2220 M.N 3158<\/span><br \/>\n<span style=\"font-family:Verdana;font-size:xx-small;\">Diplomada en Nutrici\u00f3n Humana y Diet\u00e9tica. Espa\u00f1a.<\/span><br \/>\n<span style=\"font-family:Verdana;font-size:xx-small;\">T\u00e9cnico Superior en Coaching Personal. Espa\u00f1a.<\/span><br \/>\n<span style=\"font-family:Verdana;font-size:xx-small;\">Postgrado en Psicolog\u00eda Vincular-Familiar. Buenos Aires.<\/span><br \/>\n<span style=\"font-family:Verdana;font-size:xx-small;\">Postgrado en Marketing y Alimentaci\u00f3n. Buenos Aires.<\/span><br \/>\n<span style=\"font-family:Verdana;font-size:xx-small;\">Antropometrista ISAK II. Buenos Aires.<\/span><br \/>\n<span style=\"font-family:Verdana;font-size:small;\"><b>EXPERIENCIA Profesional:<\/b><\/span><span style=\"font-family:Verdana;font-size:xx-small;\"><br \/>\nEspecialista en el tratamiento del sobrepeso y la obesidad: \u00abMediante el tratamiento convencional combinado con innovadoras t\u00e9cnicas de Coaching y Mentoring nutricional ayudo a las personas a encontrar mayor felicidad en un cuerpo vital y saludable\u00bb.<\/span><br \/>\n<span style=\"font-family:Verdana;font-size:xx-small;\">Asesora Nutricional de adultos con des\u00f3rdenes alimentarios: \u00abNo todas las personas que est\u00e1n molestas con el mismo problema necesitan las mismas soluciones. Incluso en varias ocasiones la soluci\u00f3n aparece f\u00e1cilmente con solo otorgar claridad y organizaci\u00f3n hasta llegar a la acci\u00f3n deseada. Para ello la planificaci\u00f3n estrat\u00e9gica de los pasos y de los recursos a utilizar es la base para metas claras y exitosas\u00bb.<\/span><br \/>\n<span style=\"font-family:Verdana;font-size:xx-small;\">Asesora Nutricional de Padres de ni\u00f1os con sobrepeso u obesidad: \u00abPara que un ni\u00f1o crezca saludablemente debe, sobre todo, vivir su ni\u00f1ez centrado en las cosas importantes de su edad. Por ello si los problemas alimentarios aparecen en edades tempranas es fundamental el compromiso familiar donde mediante la utilizaci\u00f3n de m\u00e9todos combinados de educaci\u00f3n nutricional moderna y orientaci\u00f3n vincular-familiar se aporta a toda la familia (inclu\u00eddo el paciente) herramientas claras para resultados concretos y duraderos\u00bb.<\/span><br \/>\n<span style=\"font-family:Verdana;font-size:xx-small;\">Organizadora y disertante de seminarios y talleres formativos de \u00abMentes Delgadas\u00bb: \u00abAyudo a las personas a conseguir definitivamente el aspecto f\u00edsico que desean con temas que van desde: la alimentaci\u00f3n positiva, los beneficios del cambio de look, como manejarnos con la dieta en nuestro entorno social&#8230; hasta las claves para formar definitivamente un pensamiento delgado. Sobre todo se enfoca en t\u00e9cnicas que les permitir\u00e1n recuperar la confianza total en su cuerpo y su poder interior para tomar las mejores decisiones futuras\u00bb.<\/span><br \/>\n<span style=\"font-family:Verdana;font-size:xx-small;\">Colaboradora en medios de comunicaci\u00f3n televisivos, radiales y digitales en Argentina y Espa\u00f1a. \u00abMe gusta viajar e investigar otras culturas en relaci\u00f3n con su alimentaci\u00f3n y modo de vida culinario para evolucionar hacia soluciones reales al problema de la obesidad infantil y adulta. Por ello incluir a los medios masivos de comunicaci\u00f3n en mi prop\u00f3sito es muy importante para que el mensaje pueda llegar a gran parte de las personas\u00bb.<\/span><br \/>\n<span style=\"font-family:Verdana;font-size:xx-small;\">Autora del LIBRO y el PLAN MENTES DELGADAS. Conferencista.<\/span><br \/>\n<span style=\"font-family:Verdana;font-size:xx-small;\">Directora de la web-tienda-online PatriciaRobiano.Com www.patriciarobiano.com<\/span><br \/>\n<span style=\"font-family:Verdana;font-size:small;\">Para m\u00e1s informaci\u00f3n, in<\/span><span style=\"font-family:Verdana;font-size:small;\">gresar a\u00a0<a href=\"http:\/\/www.mentesdelgadas.com\/\">www.mentesdelgadas.com<\/a>\u00a0 y<a href=\"http:\/\/www.patriciarobiano.com\/\">www.patriciarobiano.com<\/a><\/span><\/p>\n","protected":false},"excerpt":{"rendered":"<p>El Museo de Bellas Artes de Luj\u00e1n fue el lugar elegido para la presentaci\u00f3n del primer libro de la Lic. [&hellip;]<\/p>\n","protected":false},"author":2,"featured_media":0,"comment_status":"open","ping_status":"open","sticky":false,"template":"","format":"standard","meta":[],"categories":[2],"tags":[],"_links":{"self":[{"href":"https:\/\/quasarcomunicacion.com.ar\/web\/wp-json\/wp\/v2\/posts\/1074"}],"collection":[{"href":"https:\/\/quasarcomunicacion.com.ar\/web\/wp-json\/wp\/v2\/posts"}],"about":[{"href":"https:\/\/quasarcomunicacion.com.ar\/web\/wp-json\/wp\/v2\/types\/post"}],"author":[{"embeddable":true,"href":"https:\/\/quasarcomunicacion.com.ar\/web\/wp-json\/wp\/v2\/users\/2"}],"replies":[{"embeddable":true,"href":"https:\/\/quasarcomunicacion.com.ar\/web\/wp-json\/wp\/v2\/comments?post=1074"}],"version-history":[{"count":0,"href":"https:\/\/quasarcomunicacion.com.ar\/web\/wp-json\/wp\/v2\/posts\/1074\/revisions"}],"wp:attachment":[{"href":"https:\/\/quasarcomunicacion.com.ar\/web\/wp-json\/wp\/v2\/media?parent=1074"}],"wp:term":[{"taxonomy":"category","embeddable":true,"href":"https:\/\/quasarcomunicacion.com.ar\/web\/wp-json\/wp\/v2\/categories?post=1074"},{"taxonomy":"post_tag","embeddable":true,"href":"https:\/\/quasarcomunicacion.com.ar\/web\/wp-json\/wp\/v2\/tags?post=1074"}],"curies":[{"name":"wp","href":"https:\/\/api.w.org\/{rel}","templated":true}]}}