{"id":1071,"date":"2012-11-20T15:35:37","date_gmt":"2012-11-20T15:35:37","guid":{"rendered":"http:\/\/quasarcomunicacion.wordpress.com\/?p=1071"},"modified":"2012-11-20T15:35:37","modified_gmt":"2012-11-20T15:35:37","slug":"recordatorio-dia-de-la-musica-en-pilar","status":"publish","type":"post","link":"https:\/\/quasarcomunicacion.com.ar\/web\/recordatorio-dia-de-la-musica-en-pilar\/","title":{"rendered":"RECORDATORIO: D\u00eda de la M\u00fasica en Pilar"},"content":{"rendered":"<p>El jueves 22 de noviembre, a partir de las 19hs, se llevar\u00e1 a cabo el festejo por el D\u00eda de la m\u00fasica en el patio de comidas del\u00a0<b>Shopping Pilar Point<\/b>, ubicado en Estanislao L\u00f3pez 538 (esquina Ituzaing\u00f3). El evento es organizado por APEA (Asociaci\u00f3n de Padres de Especiales y Amigos)<!--more--><br \/>\n<img loading=\"lazy\" alt=\"\" src=\"http:\/\/www.quasarcomunicacion.com.ar\/pilarpoint\/2012\/down.gif\" height=\"333\" width=\"500\" \/><br \/>\nEste evento, con entrada libre y gratuita, adem\u00e1s de ser un festejo ser\u00e1 un espacio de reflexi\u00f3n que incluir\u00e1: espect\u00e1culos musicales, disertaciones sobre la formaci\u00f3n musical de personas con S\u00edndrome de Down, videos explicativos sobre las actividades realizadas por APEA y una mesa redonda de reflexi\u00f3n.<br \/>\nEntrada libre y gratuita. Para m\u00e1s informaci\u00f3n pueden comunicarse al\u00a0\u00a0<img alt=\"\" src=\"\/\/lifbcibllhkdhoafpjfnlhfpfgnpldfl\/numbers_button_skype_logo.png\" \/>0230 4420825\u00a0o v\u00eda mail a\u00a0<a href=\"mailto:marielaherou@yahoo.com.ar\">marielaherou@yahoo.com.ar<\/a><br \/>\n<span style=\"font-size:small;\"><b>Pilar Point\u00a0<\/b>est\u00e1 ubicado en<\/span>\u00a0Estanislao L\u00f3pez (ex ruta 8) e Ituzaing\u00f3, en pleno centro de la ciudad.<br \/>\nEs de destacar que\u00a0<b>Pilar Point<\/b>\u00a0cuenta con seguridad, wi-fi y estacionamiento sin cargo.<br \/>\n<span style=\"font-size:small;\">Segu\u00ed a\u00a0<b>Pilar Point<\/b>\u00a0en\u00a0<a href=\"http:\/\/www.facebook.com\/pilarpoint\">www.facebook.com\/pilarpoint<\/a><\/span><br \/>\n<span style=\"font-size:small;\">El programa del evento:<\/span><br \/>\nM\u00fasicos del taller de Candombe de Los Robles dirigido por Gustavo Zucotti.<br \/>\nM\u00fasicos con S\u00edndrome de Down del taller iniciaci\u00f3n musical dirigido por Mariela Herou y Gustavo Zucotti.<br \/>\nDisertaci\u00f3n sobre formaci\u00f3n musical de personas con SD.<br \/>\nVideos del taller de yoga art\u00edstico realizado en APEA a cargo de Mirta Bardo y su equipo, integrantes de la Escuela Argentina de Yoga.<br \/>\nDisertaci\u00f3n del Licenciado en gen\u00e9tica Benjam\u00edn Ram\u00edrez.<br \/>\nMesa redonda de reflexi\u00f3n de padres, profesionales, docentes y personas con s\u00edndrome de Down, e invitados especiales<\/p>\n","protected":false},"excerpt":{"rendered":"<p>El jueves 22 de noviembre, a partir de las 19hs, se llevar\u00e1 a cabo el festejo por el D\u00eda de [&hellip;]<\/p>\n","protected":false},"author":2,"featured_media":0,"comment_status":"open","ping_status":"open","sticky":false,"template":"","format":"standard","meta":[],"categories":[2],"tags":[],"_links":{"self":[{"href":"https:\/\/quasarcomunicacion.com.ar\/web\/wp-json\/wp\/v2\/posts\/1071"}],"collection":[{"href":"https:\/\/quasarcomunicacion.com.ar\/web\/wp-json\/wp\/v2\/posts"}],"about":[{"href":"https:\/\/quasarcomunicacion.com.ar\/web\/wp-json\/wp\/v2\/types\/post"}],"author":[{"embeddable":true,"href":"https:\/\/quasarcomunicacion.com.ar\/web\/wp-json\/wp\/v2\/users\/2"}],"replies":[{"embeddable":true,"href":"https:\/\/quasarcomunicacion.com.ar\/web\/wp-json\/wp\/v2\/comments?post=1071"}],"version-history":[{"count":0,"href":"https:\/\/quasarcomunicacion.com.ar\/web\/wp-json\/wp\/v2\/posts\/1071\/revisions"}],"wp:attachment":[{"href":"https:\/\/quasarcomunicacion.com.ar\/web\/wp-json\/wp\/v2\/media?parent=1071"}],"wp:term":[{"taxonomy":"category","embeddable":true,"href":"https:\/\/quasarcomunicacion.com.ar\/web\/wp-json\/wp\/v2\/categories?post=1071"},{"taxonomy":"post_tag","embeddable":true,"href":"https:\/\/quasarcomunicacion.com.ar\/web\/wp-json\/wp\/v2\/tags?post=1071"}],"curies":[{"name":"wp","href":"https:\/\/api.w.org\/{rel}","templated":true}]}}