{"id":10695,"date":"2020-12-29T19:24:11","date_gmt":"2020-12-29T19:24:11","guid":{"rendered":"https:\/\/quasarcomunicacion.com.ar\/web\/?p=10695"},"modified":"2020-12-29T19:25:18","modified_gmt":"2020-12-29T19:25:18","slug":"la-asociacion-iberoamericana-de-mujeres-empresarias-aime-cierra-un-ano-con-mucha-actividad","status":"publish","type":"post","link":"https:\/\/quasarcomunicacion.com.ar\/web\/la-asociacion-iberoamericana-de-mujeres-empresarias-aime-cierra-un-ano-con-mucha-actividad\/","title":{"rendered":"La Asociaci\u00f3n Iberoamericana de Mujeres Empresarias (AIME) cierra un a\u00f1o con mucha actividad"},"content":{"rendered":"<p>A pesar de la pandemia mundial, la <strong>Asociaci\u00f3n Iberoamericana de Mujeres Empresarias (AIME) <\/strong>cierra un a\u00f1o con muchas actividades abriendo la virtualidad a nuevos desaf\u00edos que les permiti\u00f3 continuar cerca de sus asociadas durante este 2020.<!--more--><\/p>\n<p>Previo al aislamiento, en el mes de marzo, <strong>AIME<\/strong> organiz\u00f3 en el marco del d\u00eda Internacional de la Mujer, la\u00a0 Jornada: \u201c<strong>La Mujer de Hoy: su salida al mundo y lo que nos dice de nuestro tiempo\u201d <\/strong>de la cual participaron m\u00e1s de 250 asistentes. Este encuentro se llev\u00f3 a cabo el 12 de marzo en los salones del Hotel NH CITY Buenos Aires y se abordaron los siguientes temas: \u201cSituaci\u00f3n Econ\u00f3mica Argentina en el contexto mundial\u201d con la exposici\u00f3n a cargo de Mat\u00edas B. Wilson (economista, jefe de la\u00a0 C\u00e1mara Argentina de Comercio y Servicios); \u00abLa Mujer de Hoy: su salida al mundo y lo que nos dice de nuestro tiempo\u201d a cargo de Santiago Kovadloff (ensayista y fil\u00f3sofo).<\/p>\n<p><a href=\"https:\/\/quasarcomunicacion.com.ar\/web\/wp-content\/uploads\/2020\/12\/presencial2020.gif\"><img class=\"aligncenter\" src=\"https:\/\/quasarcomunicacion.com.ar\/web\/wp-content\/uploads\/2020\/12\/presencial2020.gif\" \/><\/a><\/p>\n<p>Con anterioridad, el 3 de marzo en el contexto del CEMS la Comisi\u00f3n de Comercio Exterior particip\u00f3 de un encuentro en la C\u00e1mara Argentina de Comercio y Servicios del que participaron, entre otros, FEPESNA, Sociedad Rural Argentina, OAME, Uni\u00f3n Industrial de la Provincia de Buenos Aires, OAME Bs. As., CAME, FECOBA.<\/p>\n<p>Luego vino el Aislamiento Obligatorio por lo cual las actividades pasaron a la virtualidad. De esta manera, organizado por la Asociaci\u00f3n Mujeres Violeta de Uruguay y AIME mediante plataforma Zoom tuvo lugar el 19 de abril el <strong>Ciclo: Trenzando Conversaciones Poderosas \u201cSer uno mismo a pesar de\u2026\u201d<\/strong> con la disertaci\u00f3n de la Dra. Elisa Lion.<\/p>\n<p>Tambi\u00e9n de manera virtual tuvo lugar la Reuni\u00f3n CEMS \u2013 Comisi\u00f3n de Comercio Exterior en el mes de julio donde se trataron, entre otros, los siguientes temas: posibles actividades sobre comercio exterior, se defini\u00f3 un sistema de dos grupos de trabajo con Canciller\u00eda Argentina, sobre dos puntos: Acuerdo Argentina-Chile y Relacionamiento con dos Direcciones. Tambi\u00e9n trabaj\u00f3 el \u00e1rea de Promoci\u00f3n de Comercio e Inversiones, liderada por Fernando Lerena y con el espacio de Estrategia y Agenda de Inversi\u00f3n Internacional, encabezada por Fernando L\u00f3pez.<\/p>\n<p>AIME\u00a0 particip\u00f3 en agosto de la Charla del Dr. Najenson, Director General de Pymes, sobre los planes de asistencia para las PYMES. En septiembre asisti\u00f3 a la charla virtual <strong>\u00abUniendo empresas en una D\u00e9cada para la Acci\u00f3n\u201d<\/strong> y en octubre estuvo en el <strong>\u201cTaller de construcci\u00f3n colaborativa de la agenda p\u00fablico-privada\u201d<\/strong>, derivada del Programa GANAR-GANAR.<\/p>\n<p>En noviembre particip\u00f3 del \u201cCONGRESO MUJERES QUE SUMAN 3.0\u201d. Tambi\u00e9n particip\u00f3 de la Asamblea de la CACyS y de FIDE. Cerr\u00f3 el mes participando de <strong>\u00abCIME 2020 Paraguay\u201d.<\/strong><\/p>\n<p>Ya en el \u00faltimo mes del a\u00f1o asisti\u00f3 a la charla <strong>\u201cG\u00e9nero y comercio en los bloques comerciales &#8211; Impacto en los Negocios de la Mujer Empresaria\u00bb.<\/strong><\/p>\n<p>Durante todo el 2020 AIME particip\u00f3 en el COPE, y en sus distintas dimensiones, en la CEMS (Convergencia Empresaria de Mujeres) y en FIDE ( Federaci\u00f3n Iberoamericana de Empresarias)<\/p>\n<p>Desde <strong>AIME<\/strong> llevan adelante un programa de <strong>Empoderamiento de Emprendedores en Pilar<\/strong>. Todos los segundos y cuartos mi\u00e9rcoles de cada mes se re\u00fanen v\u00eda plataforma virtual emprendedoras con las que vienen trabajando en pos de su desarrollo econ\u00f3mico, asesor\u00e1ndolas sobre la presentaci\u00f3n y comercializaci\u00f3n de sus productos. Durante el a\u00f1o se trabaj\u00f3 con un promedio de 20 emprendedores.<\/p>\n<p><strong>Los desayunos Taller de AIME<\/strong><\/p>\n<p>Adapt\u00e1ndose al nuevo contexto, <strong>AIME<\/strong> continu\u00f3 con sus tradicionales desayunos en formato virtual los cuales se pueden volver a ver en el canal de Youtube de la entidad.<\/p>\n<p>El 18 de mayo fue el momento de <strong>\u00abCAMINOS QUE FACILITAN RESULTADOS\u00bb <\/strong>a cargo de la Dra. Elisa Lion, psic\u00f3loga que realiz\u00f3 un master en RRHH, con diploma en derechos humanos, es periodista, fundadora de SiCrea Educaci\u00f3n emocional, autora del libro \u00abHerramientas para vivir mejor\u00bb y creadora del m\u00e9todo Educaci\u00f3n Emoci\u00f3n para alcanzar objetivos.<\/p>\n<p><a href=\"https:\/\/quasarcomunicacion.com.ar\/web\/wp-content\/uploads\/2020\/12\/virtual2020.gif\"><img class=\"aligncenter\" src=\"https:\/\/quasarcomunicacion.com.ar\/web\/wp-content\/uploads\/2020\/12\/virtual2020.gif\" \/><\/a><\/p>\n<p>El 8 de junio tuvo lugar el desayuno <strong>\u201cEFECTOS DEL COVID EN NUESTRAS EMPRESAS\u201c<\/strong> con la disertantes Dra. M\u00f3nica Mart\u00ednez, Contadora P\u00fablica Nacional \u2013 Directora EPOS Contadores y el Dr. Andr\u00e9s Mulki, Contador P\u00fablico Nacional \u2013 Socio EPOS Contadores.<\/p>\n<p>El 29 de junio se realiz\u00f3 el desayuno virtual \u201c<strong>PORQUE NOS PASA LO QUE NOS PASA\u201d<\/strong> a cargo de la Lic. Mercedes Muro Nadal de Avogadro, ella es Licenciada en Historia, Especialista en historia econ\u00f3mica y de las pol\u00edticas econ\u00f3micas de las facultades de Filosof\u00eda y Letras y Ciencias Econ\u00f3micas de la UBA y tiene un posgrado en Evaluaci\u00f3n de Proyectos de Inversi\u00f3n para la Defensa en la Escuela Superior de Guerra A\u00e9rea de la Universidad de Defensa.<\/p>\n<p>El 20 de julio compartieron el desayuno \u00ab<strong>APRENDIZAJE DE LA RESILENCIA PARA LIDERAR\u00bb<\/strong> a cargo de la Lic. Adela Saenz Cavia, ella es Licenciada en Ciencias Pol\u00edticas de la Universidad Cat\u00f3lica Argentina, tiene una Maestr\u00eda en Comunicaci\u00f3n de la Universidad de Ciencias Empresariales y Sociales, ha realizado el Programa de Desarrollo Directivo del IAE, el Postgrado de Asuntos P\u00fablicos de la Universidad Austral y el Programa de Responsabilidad Social de la Universidad de San Andr\u00e9s.<\/p>\n<p>El 27 de julio tuvo lugar el desayuno <strong>\u00abRENACER 2020-DESARROLLO CREATIVO Y PERSONAL EN NUESTRAS PROFESIONES\u00bb <\/strong>con la disertante Lic. Claudia Rodr\u00edguez,<br \/>\nKinesi\u00f3loga Fisiatra de la UBA, especialista en rehabilitaci\u00f3n cardiorrespiratoria , traumatolog\u00eda, deportolog\u00eda cl\u00ednica y fleboest\u00e9tica.<\/p>\n<p>En agosto, el 18 se realiz\u00f3 el desayuno \u201c<strong>POTENCIA TU EMPRENDIMIENTO\u201d <\/strong>a cargo del Lic. Sa\u00fal G\u00f3mez quien es Brand Strategist, Teacher and Facilitator. Actualmente Director de la Startupbuilder GEET ACADEMY y Founder de Brandalf, Agencia de Branding y comunicaci\u00f3n.<\/p>\n<p>El 15 de septiembre tuvo lugar la charla <strong>\u201cMI NEGOCIO EN INTERNET\u201d<\/strong> a cargo del Dr. Pablo Katcheroff, director de Tres Faros, agencia de e-commerce y Marketing Digital. Tambi\u00e9n es profesor, speaker, capacitador y asesor en temas relacionados con el Marketing Digital y emprendedurismo. Forma parte de la Comisi\u00f3n Directiva y es Director del programa Nuevos Emprendedores de INICIA, comunidad de emprendedores.<\/p>\n<p>El 29 de septiembre compartieron el desayuno <strong>\u00abLIDERAZGO ASERTIVO\u00bb<\/strong> a cargo de la Lic. Noemi Baruj, Directora general de AM Consultores y Noem\u00ed Baruj Consultores, Asesora\/consultora de desarrollo personal y laboral de personas y equipos.<\/p>\n<p>En octubre, el martes 13 se realiz\u00f3 el desayuno \u00abLAS FINANZAS DE TU EMPRESA EN PANDEMIA MARTES\u00bb a cargo de Mtr. Edy Pascualini, Director Fundador de Funny Money &#8211; Consultora financiera<\/p>\n<p>Y el 27 <strong>\u00abLAS EMOCIONES COMO MOTOR PARA MOVILIZARNOS Y MOTOR PARA LA ACCI\u00d3N\u201d<\/strong> con la Lic Adela Saenz Cavia, Especialista en Educaci\u00f3n Emocional, Oradora y Coach.<\/p>\n<p>En noviembre se realiz\u00f3 un encuentro en dos fechas:\u00a0 <strong>\u00abCOMO GESTIONAR LA INCERTIDUMBRE EN TIEMPOS COMPLEJOS\u00bb.<\/strong> El taller tuvo dos m\u00f3dulos los martes 17 y 24 de noviembre con la facilitadora Lic. Mar\u00eda Andrea Langman, con formaci\u00f3n de base en psicopedagog\u00eda, ha trabajado en diversas empresas y actualmente lleva adelante la consultora TransitionThinking.<\/p>\n<p><strong>Acerca de AIME<\/strong><\/p>\n<p>La <strong>Asociaci\u00f3n Iberoamericana de Mujeres Empresarias<\/strong> fue fundada en 1989. Es una organizaci\u00f3n no gubernamental sin fines de lucro, apartidaria y pluralista.<\/p>\n<p>En AIME brindan informaci\u00f3n, capacitaci\u00f3n, tejen redes y contribuyen a la igualdad de oportunidades entre empresarios. En respuesta a una demanda de la mujer de aportar su liderazgo al mundo empresarial y emprendedor y sumarse a los cambios generados por las pol\u00edticas nacionales y un mundo cada vez m\u00e1s globalizados, en AIME, ponen toda su creatividad sin dejar de lado una clara visi\u00f3n de lo social.<\/p>\n<p>El foco est\u00e1 puesto en la mujer empresaria PYME y la emprendedora que reclama un \u00e1mbito dentro del cual pueda potenciar desde su propia identidad sus capacidades en la laboral, sin por ello descuidar lo familiar. Buscan fortalecer en el hacer cotidiano, la coherencia entre las ideas y el accionar, lo que lleva a organizar seminarios, congresos internacionales, encuentros de negocios y desayunos de trabajo con actores de diversos \u00e1mbitos y gracias a esa heterogeneidad, prevalece el di\u00e1logo, la discusi\u00f3n, la reflexi\u00f3n sobre realidades preocupantes de la actualidad.<\/p>\n<p>La fuerza se potencia desde las individualidades y conforman una unidad que se concreta d\u00eda a d\u00eda a trav\u00e9s del compromiso de tender puentes que generen alianzas, la apertura de oportunidades, la creaci\u00f3n de v\u00ednculos, el compartir recursos. Consideran una necesidad visibilizar a quienes son ejemplos en la realizaci\u00f3n entres los sue\u00f1os y los logros, por ello premian anualmente a empresarias, emprendedoras y empresas que sirven de est\u00edmulo a otros a intentar logros similares.<\/p>\n<p><strong><em> Por otras im\u00e1genes, audios o entrevistas no dude en contactarse<\/em><\/strong><\/p>\n<p><strong><em> Contactos de Prensa<\/em><\/strong><\/p>\n<table width=\"100%\">\n<tbody>\n<tr>\n<td width=\"50%\"><strong> Candela Villanueva &#8211; Asistente de Cuentas<\/strong><\/p>\n<p><b> Directo<\/b><strong>: <\/strong> 0230-4664772<br \/>\n<b> Skype:<\/b> quasarcomunicacion<br \/>\n<b> Instagram<\/b>: @quasarcomunicacion<br \/>\n<b> Twitter:<\/b> @quasarpilar<br \/>\n<b> Gr<\/b><b>upo y p\u00e1gina en Facebook: <\/b> www.facebook.com\/<a href=\"mailto:mfipata@gmail.com\">Quasar<\/a>Comunicacion<br \/>\n<b> Web:<\/b> <a href=\"http:\/\/www.quasarcomunicacion.com.ar\"> www.quasarcomunicacion.com.ar<\/a><\/p>\n<p><b> Mail<\/b><strong>:<\/strong> <a href=\"mailto:fernanda@quasarcomunicacion.com.ar\"> candela<\/a><a href=\"mailto:fernanda@quasarcomunicacion.com.ar\">@quasarcomunicacion.com.ar<\/a><\/td>\n<td width=\"50%\"><strong> Lic. Mar\u00eda Fernanda Ipata &#8211; Directora<br \/>\n<\/strong> <b><br \/>\n<\/b> <b> M\u00f3vil:<\/b> 0230-15-4584535<br \/>\n<b> Whatsapp<\/b><b>:<\/b><a href=\"https:\/\/bit.ly\/2J4cUvm\"> 11 5312 6795<\/a><br \/>\n<a href=\"https:\/\/bit.ly\/2Sn1zLP\"> Enviar whatsapp aqu\u00ed<\/a><br \/>\n<b> Skype:<\/b> quasarcomunicacion<br \/>\n<b> LinkedIn<\/b><strong>:\u00a0 <\/strong> <strong> <a href=\"http:\/\/www.linkedin.com\/in\/mfipata\"> http:\/\/www.linkedin.com\/in\/mfipata<\/a><\/strong><br \/>\n<a href=\"https:\/\/www.linkedin.com\/company\/quasarcomunicacion\"> https:\/\/www.linkedin.com\/company\/quasarcomunicacion<\/a><br \/>\n<b> Instagram y Facebook:<\/b> @quasarcomunicacion <b><br \/>\nWeb:<\/b> <a href=\"http:\/\/www.quasarcomunicacion.com.ar\"> www.quasarcomunicacion.com.ar<\/a><br \/>\n<b> Mail<\/b><strong>:<\/strong><a href=\"mailto:fernanda@quasarcomunicacion.com.ar\"> fernanda@quasarcomunicacion.com.ar<\/a><br \/>\n<b> Canal de Telegram para acceder a comunicados:<\/b> https:\/\/t.me\/comunicadosQC<\/td>\n<\/tr>\n<\/tbody>\n<\/table>\n","protected":false},"excerpt":{"rendered":"<p>A pesar de la pandemia mundial, la Asociaci\u00f3n Iberoamericana de Mujeres Empresarias (AIME) cierra un a\u00f1o con muchas actividades abriendo [&hellip;]<\/p>\n","protected":false},"author":2,"featured_media":10689,"comment_status":"open","ping_status":"open","sticky":false,"template":"","format":"standard","meta":[],"categories":[2],"tags":[],"_links":{"self":[{"href":"https:\/\/quasarcomunicacion.com.ar\/web\/wp-json\/wp\/v2\/posts\/10695"}],"collection":[{"href":"https:\/\/quasarcomunicacion.com.ar\/web\/wp-json\/wp\/v2\/posts"}],"about":[{"href":"https:\/\/quasarcomunicacion.com.ar\/web\/wp-json\/wp\/v2\/types\/post"}],"author":[{"embeddable":true,"href":"https:\/\/quasarcomunicacion.com.ar\/web\/wp-json\/wp\/v2\/users\/2"}],"replies":[{"embeddable":true,"href":"https:\/\/quasarcomunicacion.com.ar\/web\/wp-json\/wp\/v2\/comments?post=10695"}],"version-history":[{"count":3,"href":"https:\/\/quasarcomunicacion.com.ar\/web\/wp-json\/wp\/v2\/posts\/10695\/revisions"}],"predecessor-version":[{"id":10698,"href":"https:\/\/quasarcomunicacion.com.ar\/web\/wp-json\/wp\/v2\/posts\/10695\/revisions\/10698"}],"wp:featuredmedia":[{"embeddable":true,"href":"https:\/\/quasarcomunicacion.com.ar\/web\/wp-json\/wp\/v2\/media\/10689"}],"wp:attachment":[{"href":"https:\/\/quasarcomunicacion.com.ar\/web\/wp-json\/wp\/v2\/media?parent=10695"}],"wp:term":[{"taxonomy":"category","embeddable":true,"href":"https:\/\/quasarcomunicacion.com.ar\/web\/wp-json\/wp\/v2\/categories?post=10695"},{"taxonomy":"post_tag","embeddable":true,"href":"https:\/\/quasarcomunicacion.com.ar\/web\/wp-json\/wp\/v2\/tags?post=10695"}],"curies":[{"name":"wp","href":"https:\/\/api.w.org\/{rel}","templated":true}]}}