{"id":1062,"date":"2012-11-16T20:35:37","date_gmt":"2012-11-16T20:35:37","guid":{"rendered":"http:\/\/quasarcomunicacion.wordpress.com\/?p=1062"},"modified":"2012-11-16T20:35:37","modified_gmt":"2012-11-16T20:35:37","slug":"por-primera-vez-se-celebro-el-dia-del-emprendedor-en-pilar","status":"publish","type":"post","link":"https:\/\/quasarcomunicacion.com.ar\/web\/por-primera-vez-se-celebro-el-dia-del-emprendedor-en-pilar\/","title":{"rendered":"Por primera vez se celebr\u00f3 el D\u00eda del Emprendedor en Pilar"},"content":{"rendered":"<p><span style=\"font-family:Verdana;font-size:small;\">\u00a0<\/span>En el marco del <b>Mes del Emprendedor<\/b>, en el d\u00eda de ayer se celebr\u00f3 en la C\u00e1mara de Comercio de Pilar (SCIPA) el <b>D\u00eda del Emprendedor de Pilar, <\/b>en concordancia con el D\u00eda del Emprendedor Porte\u00f1o que qued\u00f3 institu\u00eddo en todo el pa\u00eds como el d\u00eda de los emprendedores.<!--more--><br \/>\n<span style=\"font-size:xx-small;\">Album de fotos: <\/span> <a href=\"http:\/\/www.facebook.com\/media\/set\/?set=a.213543295446723.54158.181669988634054&amp;type=3\"> http:\/\/www.facebook.com\/media\/set\/?set=a.213543295446723.54158.181669988634054&amp;type=3<\/a><br \/>\n<img loading=\"lazy\" alt=\"\" src=\"http:\/\/www.quasarcomunicacion.com.ar\/emprendedores\/dia.gif\" height=\"375\" width=\"500\" \/><br \/>\n<span style=\"font-size:small;\">Unos 50 emprendedores celebraron su d\u00eda a la vez que intercambiaron contactos y difundieron sus emprendimientos entre los asistentes.<\/span><br \/>\n<span style=\"font-size:small;\">La iniciativa cont\u00f3 con el apoyo de Provincia Microempresas, Pilar Hoy Noticias, la C\u00e1mara de Comercio de Pilar, Emprender HOY, Pilar GPS, Qu\u00e1sar Comunicaci\u00f3n y Pilar de Feria.<\/span><br \/>\n<img loading=\"lazy\" alt=\"\" src=\"http:\/\/www.quasarcomunicacion.com.ar\/emprendedores\/dia1.gif\" height=\"375\" width=\"500\" \/><br \/>\n<span style=\"font-size:small;\">Durante el encuentro, el subgerente zonal de <b>Provincia Microempresas<\/b>, Ignacio Stella junto a Agustina D\u00edaz (ejecutiva comercial) ofrecieron una presentaci\u00f3n institucional y una charla explicativa sobre la l\u00ednea de Microcr\u00e9ditos para trabajadores independientes que ofrece la empresa.<\/span><br \/>\n<span style=\"font-size:small;\">Antes y despu\u00e9s de la charla, los emprendedores tuvieron tiempo para compartir el cocktail e intercambiar informaci\u00f3n y contactos entre ellos, a la vez que difundir su emprendimiento y conocerse, con el fin de potenciar sus ventas y presencia en la zona.<\/span><br \/>\n<span style=\"font-size:small;\">El presidente de la SCIPA, Daniel Castro, fue el encargado de convocar al brindis final junto a miembros de la comisi\u00f3n directiva de la instituci\u00f3n.<\/span><br \/>\n<img loading=\"lazy\" alt=\"\" src=\"http:\/\/www.quasarcomunicacion.com.ar\/emprendedores\/autoridades.gif\" height=\"375\" width=\"500\" \/><br \/>\n<span style=\"font-size:small;\">Adem\u00e1s, se cont\u00f3 con la presencia de Graciela Bernab\u00e9, de Mujeres Empresarias de la Federaci\u00f3n Econ\u00f3mica de Buenos Aires (ME-FEBA) y Ana Ontivero, secretaria adjunta de Mujeres Empresarias de la Confederaci\u00f3n Argentina de la Mediana Empresa (CAME).<\/span><br \/>\n<span style=\"font-size:small;\">Comparti\u00f3 el evento el gerente comercial de Pilar GPS, gu\u00eda de productos y servicios, Hugo Aguilera quien, junto a sus clientes.<\/span><br \/>\n<span style=\"font-size:small;\">Por otra parte, la prensa invitada tambi\u00e9n hizo la cobertura y difusi\u00f3n de la actividad que por primera vez se desarrolla en Pilar <\/span><br \/>\n<img loading=\"lazy\" alt=\"\" src=\"http:\/\/www.quasarcomunicacion.com.ar\/emprendedores\/dia2.gif\" height=\"375\" width=\"500\" \/><br \/>\nNOVIEMBRE: el mes de los emprendedores<br \/>\n<span style=\"font-family:Verdana;font-size:small;\"> Durante todo el mes de noviembre, se vienen planificando diversas acciones para los emprendedores de la zona. La iniciativa es impulsada por el sitio <b>Emprender Hoy<\/b> y <b>Pilar de Feria<\/b> junto a <b> Provincia Microempresas<\/b>, la <b>C\u00e1mara de Comercio de Pilar <\/b>y <b>Pilar GPS<\/b>.\u00a0 <\/span><br \/>\n<span style=\"font-family:Verdana;font-size:small;\">De esta manera, los eventos comenzaron el mi\u00e9rcoles 7 de noviembre con una <\/span> <b> CHARLA SOBRE CR\u00c9DITOS PARA EMPRENDEDORES <\/b>a cargo de especialistas de Provincia Microempresas, una empresa del Grupo Banco Provincia. El encuentro tuvo lugar en la C\u00e1mara de comercio de Manuel Alberti y asistieron m\u00e1s de 20 emprendedores.<br \/>\n<img loading=\"lazy\" alt=\"\" src=\"http:\/\/www.quasarcomunicacion.com.ar\/emprendedores\/alberti.gif\" height=\"274\" width=\"500\" \/><br \/>\nEl lunes 12 de noviembre, a las 9.30 en el Palacio Municipal (Rivadavia 660) se realiz\u00f3 una nueva <b>presentaci\u00f3n de Provincia Microempresas<\/b> y los Cr\u00e9ditos para Trabajadores independientes. La charla, con entrada libre y gratuita estuvo destinada a microempresarios, comerciantes, quinteros, todo el que tenga algo independiente.<br \/>\n<span style=\"font-size:small;\">De la charla particip\u00f3 en la mesa principal el intendente Municipal Dr Humberto Z\u00faccaro, su secretaria privada Jazm\u00edn Z\u00faccaro, el concejal Federico De Achaval y Marcelo Castillo y el gerente general de Provincia Microempresas, Norberto Donato.<\/span><br \/>\n<img loading=\"lazy\" alt=\"\" src=\"http:\/\/www.quasarcomunicacion.com.ar\/emprendedores\/muni.gif\" height=\"375\" width=\"500\" \/><br \/>\n<span style=\"font-size:small;\">Adem\u00e1s, el martes 27 a las 20 hs, se realizar\u00e1 un nuevo <\/span> <b> SEMINARIO GRATUITO DE PUBLICIDAD Y MARKETING PARA EMPRENDEDORES<\/b> en la ciudad de F\u00e1tima. Tal es as\u00ed que se se juntar\u00e1n los emprendedores y comerciantes de la zona en el Centro de Jubilados de F\u00e1tima (Isla Candelaria 255 &#8211; F\u00e1tima &#8211; Pilar)<br \/>\nLa cita es a las 20 hs. Se requiere inscripci\u00f3n previa escribiendo a <a href=\"mailto:info@pilardeferia.com.ar\"> info@pilardeferia.com.ar<\/a>\u00a0\u00a0 \u00f3 llamando al 011-15-6742-7635. Cupos limitados. Entrada libre y gratuita. Se entregar\u00e1n certificados de asistencia.<br \/>\n<span style=\"font-size:small;\">Por \u00faltimo, el s\u00e1bado 8 de diciembre, se cerrar\u00e1n los festejos con una <\/span> <b>GRAN FERIA DE NAVIDAD <\/b>de 16 a 20 hs en el Complejo Psiquis (Estanislao L\u00f3pez 446, ex ruta 8, a media cuadra del ACA). Los interesados en recibir m\u00e1s informaci\u00f3n, deber\u00e1n completar el formulario de contacto de <a href=\"http:\/\/www.pilardeferia.com.ar\/\"> www.pilardeferia.com.ar<\/a><br \/>\nEs abierta a todo tipo de emprendimiento, artesanos, dise\u00f1adores, etc.<br \/>\n<span style=\"font-size:small;\"> Acerca de Emprender HOY<\/span><br \/>\n<span style=\"font-family:Verdana;font-size:xx-small;\"><b> <img loading=\"lazy\" alt=\"\" src=\"http:\/\/www.quasarcomunicacion.com.ar\/pilardeferia\/2012\/emprender.gif\" height=\"75\" width=\"300\" \/>Emprender HOY<\/b> es un espacio virtual para todos los emprendedores que se materializa en diversos eventos como ferias, encuentros, capacitaciones, entre otros.<br \/>\nTanto de forma virtual como real comparten noticias, herramientas, recursos y todo lo necesario para que tu emprendimiento alcance sus objetivos<br \/>\nNoticias, presentaciones de productos y servicios, capacitaciones, promociones, descuentos, herramientas<br \/>\nUn canal de comunicaci\u00f3n entre los emprendedores y entre las instituciones y organismos dedicados a ellos<br \/>\nTodo lo que necesita el emprendedor en un solo lugar<br \/>\nA trav\u00e9s de una alianza estrat\u00e9gica con <b>Pilar de Feria<\/b>, desarrollamos en conjunto un evento tem\u00e1tico en la cual se puede mostrar todo tipo de productos y servicios promoviendo la actividad comercial de los emprendedores y tejiendo lazos entre ellos.<br \/>\nAdem\u00e1s, en el marco de la feria siempre se organizan sorteos, regalos, shows, demostraciones, charlas y muchas actividades gratuitas para toda la familiaLa convocatoria para ser parte de Pilar de Feria est\u00e1 abierta a todo tipo de emprendimiento, como artesanos, dise\u00f1adores de ropa, calzados, catering, bijou, plantas, adornos, amenities, moda, belleza, cuidado personal, accesorios, carteras, Blanquear\u00eda, muebles, decoraci\u00f3n, tejidos, profesionales, etc. etc.etc.<\/span><\/p>\n","protected":false},"excerpt":{"rendered":"<p>\u00a0En el marco del Mes del Emprendedor, en el d\u00eda de ayer se celebr\u00f3 en la C\u00e1mara de Comercio de [&hellip;]<\/p>\n","protected":false},"author":2,"featured_media":0,"comment_status":"open","ping_status":"open","sticky":false,"template":"","format":"standard","meta":[],"categories":[2],"tags":[],"_links":{"self":[{"href":"https:\/\/quasarcomunicacion.com.ar\/web\/wp-json\/wp\/v2\/posts\/1062"}],"collection":[{"href":"https:\/\/quasarcomunicacion.com.ar\/web\/wp-json\/wp\/v2\/posts"}],"about":[{"href":"https:\/\/quasarcomunicacion.com.ar\/web\/wp-json\/wp\/v2\/types\/post"}],"author":[{"embeddable":true,"href":"https:\/\/quasarcomunicacion.com.ar\/web\/wp-json\/wp\/v2\/users\/2"}],"replies":[{"embeddable":true,"href":"https:\/\/quasarcomunicacion.com.ar\/web\/wp-json\/wp\/v2\/comments?post=1062"}],"version-history":[{"count":0,"href":"https:\/\/quasarcomunicacion.com.ar\/web\/wp-json\/wp\/v2\/posts\/1062\/revisions"}],"wp:attachment":[{"href":"https:\/\/quasarcomunicacion.com.ar\/web\/wp-json\/wp\/v2\/media?parent=1062"}],"wp:term":[{"taxonomy":"category","embeddable":true,"href":"https:\/\/quasarcomunicacion.com.ar\/web\/wp-json\/wp\/v2\/categories?post=1062"},{"taxonomy":"post_tag","embeddable":true,"href":"https:\/\/quasarcomunicacion.com.ar\/web\/wp-json\/wp\/v2\/tags?post=1062"}],"curies":[{"name":"wp","href":"https:\/\/api.w.org\/{rel}","templated":true}]}}