{"id":10597,"date":"2020-11-27T15:12:27","date_gmt":"2020-11-27T15:12:27","guid":{"rendered":"https:\/\/quasarcomunicacion.com.ar\/web\/?p=10597"},"modified":"2020-11-27T15:12:27","modified_gmt":"2020-11-27T15:12:27","slug":"comprometidas-celebro-el-dia-del-enfermero-y-se-prepara-para-el-dia-del-medico","status":"publish","type":"post","link":"https:\/\/quasarcomunicacion.com.ar\/web\/comprometidas-celebro-el-dia-del-enfermero-y-se-prepara-para-el-dia-del-medico\/","title":{"rendered":"Comprometidas celebr\u00f3 el D\u00eda del Enfermero y se prepara para el D\u00eda del M\u00e9dico"},"content":{"rendered":"<p style=\"font-weight: 400;\">La <strong>Asociaci\u00f3n Civil Comprometidas<\/strong> contin\u00faa con su labor solidaria en la Maternidad Nuestra Se\u00f1ora de Pilar (Pilar, Bs. As.). El pasado viernes \u00a020 de diciembre celebraron el d\u00eda del enfermero y se preparan para agasajar a los m\u00e9dicos el pr\u00f3ximo jueves 3.<!--more--><\/p>\n<p style=\"font-weight: 400;\">\u00abEstuvimos en la Maternidad Nuestra Se\u00f1ora de Pilar, festejando y honrando a los enfermeros de dicha instituci\u00f3n,\u00a0 en ocasi\u00f3n de celebrarse el d\u00eda del enfermero el 21 de noviembre.Fuimos recibidas por el Jefe de Enfermer\u00eda de la Maternidad, Pablo Mu\u00f1oz, quien prepar\u00f3 un festejo para todo el personal de enfermer\u00eda, y tuvimos la oportunidad de dialogar con los y las enfermeras presentes, acerca de este a\u00f1o tan particular, dif\u00edcil, impredecible, en el que todo el personal m\u00e9dico adquiri\u00f3 una relevancia important\u00edsima debido al Covid 2019\u00bb, dijo Bettina Pancino, presidente de la instituci\u00f3n pilarense.<\/p>\n<p style=\"font-weight: 400;\">Junto la <strong>Red de Costureras Solidarias de Pilar<\/strong>, coordinadas por Pilar Emprende y Comprometidas AC, est\u00e1n preparando presentes para los m\u00e9dicos en su d\u00eda, el pr\u00f3ximo jueves 3 de diciembre.\u00a0 Cabe destacar que la <strong>Red de Costureras Solidarias de Pilar<\/strong> es uno de los proyectos finalistas del Premio Abanderados.<\/p>\n<p style=\"font-weight: 400;\">Para el d\u00eda del enfermero, \u00abfestejamos con masas, con s\u00e1ndwiches donados por la panader\u00eda tradicional La Espiga de Oro, t\u00e9s de la nueva empresa Indi Chai, dirigida por Diego Casarotti, y un regalo que realizamos para que cada uno de los 132 enfermeros y enfermeras puedan llevarse de nuestra asociaci\u00f3n civil Comprometidas\u00bb, agregaron desde la instituci\u00f3n.<\/p>\n<p style=\"font-weight: 400;\">\u00a0\u00abEntre todas hicimos una lind\u00edsima maceta, juntamos los frascos a trav\u00e9s de una red de mujeres de Estancias de Pilar, otra integrante de la ONG\u00a0 se encarg\u00f3 de poner una planta suculenta en cada maceta y as\u00ed pudimos entregarles un recuerdo de este d\u00eda festivo\u00bb, relat\u00f3 Pancino.<\/p>\n<p style=\"font-weight: 400;\"><a href=\"https:\/\/quasarcomunicacion.com.ar\/web\/wp-content\/uploads\/2020\/11\/enfermero1.gif\"><img class=\"aligncenter\" src=\"https:\/\/quasarcomunicacion.com.ar\/web\/wp-content\/uploads\/2020\/11\/enfermero1.gif\" \/><\/a><\/p>\n<p style=\"font-weight: 400;\">\n\u00abSi este a\u00f1o el personal de salud adquiri\u00f3 m\u00e1s relevancia e importancia, entendemos que lleg\u00f3 el momento de considerar a la salud como algo esencial; sabemos que debe y debi\u00f3 ser siempre una pol\u00edtica de estado nacional, provincial y municipal, y tambi\u00e9n sabemos que nuestro pa\u00eds tiene una gran deuda con el sector de la salud, tanto para los profesionales de la salud como para los usuarios. Que este a\u00f1o y esta pandemia sirva para duplicar y triplicar los esfuerzos estatales y del sector privado, para darle a la salud el lugar que merece, sin salud y sin educaci\u00f3n es inviable una sociedad seria y comprometida con los ciudadanos\u00bb, agreg\u00f3 la presidenta de la ONG.<\/p>\n<p>\u00abGracias por esta oportunidad de homenajear a los profesionales de esta noble profesi\u00f3n que debemos resignificar y ponerla en el lugar que siempre mereci\u00f3.\u00a0 Estos tiempos de pandemia est\u00e1n produciendo cambios que no admiten retroceso alguno, menos a\u00fan la visibilizaci\u00f3n de la salud, derecho fundamental del hombre, de la mano del derecho a la vida y a la dignidad\u00bb, sostienen desde Comprometidas.<\/p>\n<p>Desde la asociaci\u00f3n est\u00e1n comprometidas con la salud, desde hace 4 a\u00f1os, colaborando con la Maternidad de Pilar, con los bebes y sus familias, creando la red de prematuros de Pilar, cuyo antecedente es la red de la Maternidad Sarda, aspiran a que se cumplan todos los derechos de bebes y madres, hay mucho por hacer y apelan a la participaci\u00f3n de todos, las voluntarias siguen comprometidas por una comunidad mejor y necesitan la ayuda de cada persona, empresa, estado.<\/p>\n<p style=\"font-weight: 400;\">M\u00e1s info en\u00a0<a href=\"https:\/\/www.facebook.com\/ComprometidasAC\/\" data-saferedirecturl=\"https:\/\/www.google.com\/url?q=https:\/\/www.facebook.com\/ComprometidasAC\/&amp;source=gmail&amp;ust=1533064434199000&amp;usg=AFQjCNFBu8jrvW3hkSvAe2zzLYH7yanx8A\">https:\/\/www.facebook.com\/ComprometidasAC\/<\/a>\u00a0o en Twitter e Instagram como @ComprometidasAC o v\u00eda mail\u00a0<a href=\"mailto:comprometidasasociacioncivil@gmail.com\">comprometidasasociacioncivil@gmail.com<\/a><\/p>\n<p style=\"font-weight: 400;\"><a href=\"https:\/\/quasarcomunicacion.com.ar\/web\/wp-content\/uploads\/2020\/11\/enfermeros.gif\"><img class=\"aligncenter\" src=\"https:\/\/quasarcomunicacion.com.ar\/web\/wp-content\/uploads\/2020\/11\/enfermeros.gif\" \/><\/a><\/p>\n<p style=\"font-weight: 400;\">Cabe recordar, que el d\u00eda del enfermero se celebra en memoria de la\u00a0 fundadora de la enfermer\u00eda: Florence Nightingale quien naci\u00f3 en Florencia, Italia el 12 de mayo de 1820 y es considerada una de las pioneras en la pr\u00e1ctica de la enfermer\u00eda.<\/p>\n<p style=\"font-weight: 400;\">\nSe la considera la madre de la enfermer\u00eda moderna y creadora del primer modelo conceptual de enfermer\u00eda.<\/p>\n<p>Ella defini\u00f3 la enfermedad como el camino que utiliza la naturaleza para desembarazarse de los efectos o condiciones que han interferido en la salud.\u00a0 Y defin\u00eda salud diciendo: que es no solamente estar bien, sino ser capaz de usar bien toda la energ\u00eda que poseemos. La enfermer\u00eda, entonces, es tanto ayudar al paciente que sufre una enfermedad, cuanto mantener el organismo del ni\u00f1o y del adulto sanos, en un estado tal que no padezcan una enfermedad.<br \/>\nElla cre\u00eda que para mantener una atenci\u00f3n sanitaria adecuada era necesario disponer de un entorno saludable (aire puro, agua pura, alcantarillado eficaz, limpieza y luz), componentes que siguen teniendo vigencia al d\u00eda de la fecha.<br \/>\nCabe recordar a nuestra primera m\u00e9dica, la Dra. Cecilia Grierson (1859-1934) (primera m\u00e9dica Argentina) quien manifestaba \u201clo que nosotros, los m\u00e9dicos latinoamericanos estamos discutiendo y poniendo sobre votaci\u00f3n en los Congresos, est\u00e1 resuelto y puesto en pr\u00e1ctica en Europa. No hay hospital sin escuela de enfermer\u00eda\u201d.<br \/>\nEn 1886, fund\u00f3 la Escuela de Enfermeras del C\u00edrculo M\u00e9dico Argentino, primera Escuela de Enfermer\u00eda de Argentina, la que dirigi\u00f3 hasta 1913 y que desde 1934 lleva su nombre.<br \/>\nTomando de Nightingale los tres principios b\u00e1sicos: ejemplos, preceptos y actuaci\u00f3n. Prepara manuales aptos para las enfermeras, m\u00e1s did\u00e1cticos que los textos m\u00e9dicos: \u201cGu\u00eda de Enfermer\u00eda y Educaci\u00f3n t\u00e9cnica y dom\u00e9stica de la mujer\u201d; participa del Congreso Internacional de Mujeres, realizado en Londres en 1899, siendo, elegida vicepresidenta del mismo. Este Congreso ser\u00e1 el gestor a trav\u00e9s de ilustres idealistas del hoy Consejo Internacional de Enfermeras.<br \/>\n<strong><br \/>\n<\/strong><strong>Acerca de Comprometidas Asociaci\u00f3n Civil<br \/>\n<\/strong><br \/>\nLa <strong>Asociaci\u00f3n Civil \u201cComprometidas\u201d<\/strong> es una entidad sin fines de lucro que naci\u00f3 en el a\u00f1o 2016 cuando un grupo de amigas se reuni\u00f3 para tomar conocimiento y comprender las necesidades existentes en el municipio de Pilar. La asociaci\u00f3n se enfoca en ayudar especialmente a ni\u00f1os, ni\u00f1as y\u00a0 adolescentes; adem\u00e1s genera redes de emprendedoras mujeres y brinda capacitaci\u00f3n en derechos<\/p>\n<p>M\u00e1s info en\u00a0<a href=\"https:\/\/www.facebook.com\/ComprometidasAC\/\" data-saferedirecturl=\"https:\/\/www.google.com\/url?q=https:\/\/www.facebook.com\/ComprometidasAC\/&amp;source=gmail&amp;ust=1533064434199000&amp;usg=AFQjCNFBu8jrvW3hkSvAe2zzLYH7yanx8A\">https:\/\/www.facebook.com\/ComprometidasAC\/<\/a>\u00a0o en Twitter e Instagram como @ComprometidasAC o v\u00eda mail\u00a0<a href=\"mailto:comprometidasasociacioncivil@gmail.com\">comprometidasasociacioncivil@gmail.com<\/a><strong><\/p>\n<p><\/strong><strong><em>Por otras im\u00e1genes, audios o entrevistas no dude en contactarse<\/em><\/strong><\/p>\n<p><strong><em> Contactos de Prensa<\/em><\/strong><\/p>\n<table width=\"100%\">\n<tbody>\n<tr>\n<td width=\"50%\"><strong> Candela Villanueva &#8211; Asistente de Cuentas<\/p>\n<p><\/strong> <b> Directo<\/b><strong>: <\/strong> 0230-4664772<br \/>\n<b> Skype:<\/b> quasarcomunicacion<br \/>\n<b> Twitter:<\/b> @quasarpilar<br \/>\n<b> Gr<\/b><b>upo y p\u00e1gina en Facebook: <\/b> www.facebook.com\/<a href=\"mailto:mfipata@gmail.com\">Quasar<\/a>Comunicacion<br \/>\n<b> Web:<\/b> <a href=\"http:\/\/www.quasarcomunicacion.com.ar\"> www.quasarcomunicacion.com.ar<\/a><\/p>\n<p><b> Mail<\/b><strong>:<\/strong> <a href=\"mailto:fernanda@quasarcomunicacion.com.ar\"> candela<\/a><a href=\"mailto:fernanda@quasarcomunicacion.com.ar\">@quasarcomunicacion.com.ar<\/a><\/td>\n<td width=\"50%\"><strong> Lic. Mar\u00eda Fernanda Ipata &#8211; Directora<br \/>\n<\/strong> <b><br \/>\nDirecto<\/b><strong>: <\/strong> 0230-4664772<br \/>\n<b> M\u00f3vil:<\/b> 0230-15-4584535<br \/>\n<b> Whatsapp<\/b><b>:<\/b> <a href=\"https:\/\/bit.ly\/2J4cUvm\"> 0230<\/a><a href=\"https:\/\/bit.ly\/2J4cUvm\">-15-4584535<\/a><br \/>\n<a href=\"https:\/\/bit.ly\/2J4cUvm\"> Enviar whatsapp aqu\u00ed<\/a><br \/>\n<b> Skype:<\/b> quasarcomunicacion<br \/>\n<b> Twitter:<\/b> @quasarpilar<br \/>\n<b> Gr<\/b><b>upo y p\u00e1gina en Facebook: <\/b> www.facebook.com\/<a href=\"mailto:mfipata@gmail.com\">Quasar<\/a>Comunicacion<br \/>\n<b> LinkedIn<\/b><strong>:\u00a0 <\/strong> <strong> <a href=\"http:\/\/www.linkedin.com\/in\/mfipata\"> http:\/\/www.linkedin.com\/in\/mfipata<\/a><\/strong><br \/>\n<b> Web:<\/b> <a href=\"http:\/\/www.quasarcomunicacion.com.ar\"> www.quasarcomunicacion.com.ar<\/a><br \/>\n<b> Mail<\/b><strong>:<\/strong><a href=\"mailto:fernanda@quasarcomunicacion.com.ar\"> fernanda@quasarcomunicacion.com.ar<\/a><\/td>\n<\/tr>\n<\/tbody>\n<\/table>\n","protected":false},"excerpt":{"rendered":"<p>La Asociaci\u00f3n Civil Comprometidas contin\u00faa con su labor solidaria en la Maternidad Nuestra Se\u00f1ora de Pilar (Pilar, Bs. As.). El [&hellip;]<\/p>\n","protected":false},"author":2,"featured_media":10592,"comment_status":"open","ping_status":"open","sticky":false,"template":"","format":"standard","meta":[],"categories":[2],"tags":[],"_links":{"self":[{"href":"https:\/\/quasarcomunicacion.com.ar\/web\/wp-json\/wp\/v2\/posts\/10597"}],"collection":[{"href":"https:\/\/quasarcomunicacion.com.ar\/web\/wp-json\/wp\/v2\/posts"}],"about":[{"href":"https:\/\/quasarcomunicacion.com.ar\/web\/wp-json\/wp\/v2\/types\/post"}],"author":[{"embeddable":true,"href":"https:\/\/quasarcomunicacion.com.ar\/web\/wp-json\/wp\/v2\/users\/2"}],"replies":[{"embeddable":true,"href":"https:\/\/quasarcomunicacion.com.ar\/web\/wp-json\/wp\/v2\/comments?post=10597"}],"version-history":[{"count":1,"href":"https:\/\/quasarcomunicacion.com.ar\/web\/wp-json\/wp\/v2\/posts\/10597\/revisions"}],"predecessor-version":[{"id":10598,"href":"https:\/\/quasarcomunicacion.com.ar\/web\/wp-json\/wp\/v2\/posts\/10597\/revisions\/10598"}],"wp:featuredmedia":[{"embeddable":true,"href":"https:\/\/quasarcomunicacion.com.ar\/web\/wp-json\/wp\/v2\/media\/10592"}],"wp:attachment":[{"href":"https:\/\/quasarcomunicacion.com.ar\/web\/wp-json\/wp\/v2\/media?parent=10597"}],"wp:term":[{"taxonomy":"category","embeddable":true,"href":"https:\/\/quasarcomunicacion.com.ar\/web\/wp-json\/wp\/v2\/categories?post=10597"},{"taxonomy":"post_tag","embeddable":true,"href":"https:\/\/quasarcomunicacion.com.ar\/web\/wp-json\/wp\/v2\/tags?post=10597"}],"curies":[{"name":"wp","href":"https:\/\/api.w.org\/{rel}","templated":true}]}}