{"id":1059,"date":"2012-11-16T20:32:57","date_gmt":"2012-11-16T20:32:57","guid":{"rendered":"http:\/\/quasarcomunicacion.wordpress.com\/?p=1059"},"modified":"2012-11-16T20:32:57","modified_gmt":"2012-11-16T20:32:57","slug":"tomas-bulat-llega-a-pilar-para-hablar-de-economia-domestica-y-nacional","status":"publish","type":"post","link":"https:\/\/quasarcomunicacion.com.ar\/web\/tomas-bulat-llega-a-pilar-para-hablar-de-economia-domestica-y-nacional\/","title":{"rendered":"Tom\u00e1s Bulat llega a Pilar para hablar de &quot;Econom\u00eda dom\u00e9stica  y nacional&quot;"},"content":{"rendered":"<p>En el marco del <b>Mes del Emprendedor<\/b>, este martes 20 de noviembre a las 19 hs se brindar\u00e1 una charla organizada junto a la C\u00e1mara de Comercio de Pilar (SCIPA) y los J\u00f3venes Empresarios (JE de SCIPA) en la cual disertar\u00e1 el Lic. Tom\u00e1s Bulat sobre <b>\u201cEconom\u00eda Dom\u00e9stica y Nacional\u201d<\/b> en la sede de la C\u00e1mara, Pedro Lagrave 563 Pilar. Adem\u00e1s, el evento contar\u00e1 con la presencia del vicepresidente ejecutivo del Grupo Banco Provincia Lic. Nicol\u00e1s Scioli.<!--more--><br \/>\n<img loading=\"lazy\" alt=\"\" src=\"http:\/\/www.quasarcomunicacion.com.ar\/emprendedores\/bulat.gif\" height=\"333\" width=\"500\" \/><br \/>\nEl evento es con entrada libre y gratuita, y finalizado el mismo se compartir\u00e1 un Cocktail con todos los participantes.<br \/>\n<img loading=\"lazy\" alt=\"\" src=\"http:\/\/www.quasarcomunicacion.com.ar\/emprendedores\/bulat1.gif\" height=\"220\" width=\"300\" \/>Tom\u00e1s Bulat se recibi\u00f3 como economista en la UBA y realiz\u00f3 diversas especializaciones en Desarrollo Econ\u00f3mico y Comercio Exterior, as\u00ed como tambi\u00e9n obtuvo el Master Science in Economics de la Universidad de Londres. Actualmente trabaja como director en la Consultora Econ\u00f3mica GEst, es asesor Econ\u00f3mico-Financiero para c\u00e1maras empresariales, empresas y ONGs, conduc\u00eda el programa El inversor por la se\u00f1al C5N que ahora se emite por Am\u00e9rica. Tambi\u00e9n participaba en Sensaci\u00f3n T\u00e9rmica los s\u00e1bados por Radio 10. Adem\u00e1s, participa como columnista en medios nacionales y es el periodista responsable del suplemento sobre Argentina del Washington Post<br \/>\n<img loading=\"lazy\" alt=\"\" src=\"http:\/\/www.quasarcomunicacion.com.ar\/emprendedores\/scioli.gif\" height=\"345\" width=\"230\" \/>Nicol\u00e1s Scioli se recibi\u00f3 como Licenciado en Administraci\u00f3n en la Universidad de Belgrano, para luego especializarse en An\u00e1lisis financiero, Gesti\u00f3n de riesgo y Relaciones Institucionales. En el a\u00f1o 2005 obtuvo el t\u00edtulo de Magister en Gesti\u00f3n de la Comunicaci\u00f3n en las Organizaciones de la Universidad Autral, y actualmente est\u00e1 en el cargo de Vicepresidente Ejecutivo del Grupo Banco Provincia, as\u00ed como Presidente en la Asociaci\u00f3n de Leasing de Argentina<br \/>\nEl Grupo Banco Provincia S.A. es la sociedad Holding que depende del Banco Provincia, cuya finalidad es establecer los lineamientos estrat\u00e9gicos que sirven de gu\u00eda al conjunto de empresas, con fuerte presencia en el sector de servicios y que desarrollan actividades de inversi\u00f3n, burs\u00e1tiles y financieras, de seguros generales, de vida y de riesgos del trabajo, leasing, inmobiliarias y otras complementarias de la actividad financiera. El Grupo fue constituido a fines del a\u00f1o 1997 con el objetivo de concentrar la direcci\u00f3n y el control estrat\u00e9gico unificado de las distintas empresas creadas por el Banco Provincia a partir del a\u00f1o 1992. En la actualidad es el holding empresario de capitales p\u00fablicos m\u00e1s importante de la Argentina, con m\u00e1s de 2.000 empleados y un Patrimonio Neto de 564.8 millones al 31 de diciembre de 2012.<br \/>\nNOVIEMBRE: el mes de los emprendedores<br \/>\n<span style=\"font-family:Verdana;font-size:small;\">Durante todo el mes de noviembre, se vienen planificando diversas acciones para los emprendedores de la zona. La iniciativa es impulsada por el sitio <b>Emprender Hoy<\/b> y <b>Pilar de Feria<\/b> junto a <b>Provincia Microempresas<\/b>, la <b>C\u00e1mara de Comercio de Pilar <\/b>y <b>Pilar GPS<\/b>.\u00a0 <\/span><br \/>\n<span style=\"font-family:Verdana;font-size:small;\">De esta manera, los eventos comenzaron el mi\u00e9rcoles 7 de noviembre con una <\/span><b>CHARLA SOBRE CR\u00c9DITOS PARA EMPRENDEDORES <\/b>a cargo de especialistas de Provincia Microempresas, una empresa del Grupo Banco Provincia. El encuentro tuvo lugar en la C\u00e1mara de comercio de Manuel Alberti y asistieron m\u00e1s de 20 emprendedores.<br \/>\n<img loading=\"lazy\" alt=\"\" src=\"http:\/\/www.quasarcomunicacion.com.ar\/emprendedores\/alberti.gif\" height=\"274\" width=\"500\" \/><br \/>\nEl lunes 12 de noviembre, a las 9.30 en el Palacio Municipal (Rivadavia 660) se realiz\u00f3 una nueva <b>presentaci\u00f3n de Provincia Microempresas<\/b> y los Cr\u00e9ditos para Trabajadores independientes. La charla, con entrada libre y gratuita estuvo destinada a microempresarios, comerciantes, quinteros, todo el que tenga algo independiente.<br \/>\n<span style=\"font-size:small;\">De la charla particip\u00f3 en la mesa principal el intendente Municipal Dr Humberto Z\u00faccaro, su secretaria privada Jazm\u00edn Z\u00faccaro, el concejal Federico De Achaval y Marcelo Castillo y el gerente general de Provincia Microempresas, Norberto Donato.<\/span><br \/>\n<img loading=\"lazy\" alt=\"\" src=\"http:\/\/www.quasarcomunicacion.com.ar\/emprendedores\/muni.gif\" height=\"375\" width=\"500\" \/><br \/>\n<span style=\"font-size:small;\">Por otra parte, el jueves 15 de noviembre se desarroll\u00f3 un <\/span><b>COCKTAIL PARA EMPRENDEDORES <\/b>en el cual se agasaj\u00f3 por primera vez a los emprendedores de Pilar en la C\u00e1mara de Comercio (SCIPA) ubicada en Pedro Lagrave 563 (frente a la terminal de omnibus). El evento cont\u00f3 con el apoyo de <b>Emprender HOY, Pilar de Feria, Provincia Microempresas, Pilar GPS y la C\u00e1mara de Comercio de Pilar.<\/b><br \/>\n<img loading=\"lazy\" alt=\"\" src=\"http:\/\/www.quasarcomunicacion.com.ar\/emprendedores\/dia.gif\" height=\"375\" width=\"500\" \/><br \/>\n<span style=\"font-size:small;\">Adem\u00e1s, el martes 27 a las 20 hs, se realizar\u00e1 un nuevo <\/span><b>SEMINARIO GRATUITO DE PUBLICIDAD Y MARKETING PARA EMPRENDEDORES<\/b> en la ciudad de F\u00e1tima. Tal es as\u00ed que se se juntar\u00e1n los emprendedores y comerciantes de la zona en el Centro de Jubilados de F\u00e1tima (Isla Candelaria 255 &#8211; F\u00e1tima &#8211; Pilar)<br \/>\nLa cita es a las 20 hs. Se requiere inscripci\u00f3n previa escribiendo a <a href=\"mailto:info@pilardeferia.com.ar\">info@pilardeferia.com.ar<\/a>\u00a0\u00a0 \u00f3 llamando al 011-15-6742-7635. Cupos limitados. Entrada libre y gratuita. Se entregar\u00e1n certificados de asistencia.<br \/>\n<span style=\"font-size:small;\">Por \u00faltimo, el s\u00e1bado 8 de diciembre, se cerrar\u00e1n los festejos con una <\/span><b>GRAN FERIA DE NAVIDAD <\/b>de 16 a 20 hs en el Complejo Psiquis (Estanislao L\u00f3pez 446, ex ruta 8, a media cuadra del ACA). Los interesados en recibir m\u00e1s informaci\u00f3n, deber\u00e1n completar el formulario de contacto de <a href=\"http:\/\/www.pilardeferia.com.ar\/\">www.pilardeferia.com.ar<\/a><br \/>\nEs abierta a todo tipo de emprendimiento, artesanos, dise\u00f1adores, etc.<br \/>\n<span style=\"font-size:small;\">Acerca de Emprender HOY<\/span><br \/>\n<span style=\"font-family:Verdana;font-size:xx-small;\"><b><img loading=\"lazy\" alt=\"\" src=\"http:\/\/www.quasarcomunicacion.com.ar\/pilardeferia\/2012\/emprender.gif\" height=\"75\" width=\"300\" \/>Emprender HOY<\/b> es un espacio virtual para todos los emprendedores que se materializa en diversos eventos como ferias, encuentros, capacitaciones, entre otros.<br \/>\nTanto de forma virtual como real comparten noticias, herramientas, recursos y todo lo necesario para que tu emprendimiento alcance sus objetivos<br \/>\nNoticias, presentaciones de productos y servicios, capacitaciones, promociones, descuentos, herramientas<br \/>\nUn canal de comunicaci\u00f3n entre los emprendedores y entre las instituciones y organismos dedicados a ellos<br \/>\nTodo lo que necesita el emprendedor en un solo lugar<br \/>\nA trav\u00e9s de una alianza estrat\u00e9gica con <b>Pilar de Feria<\/b>, desarrollamos en conjunto un evento tem\u00e1tico en la cual se puede mostrar todo tipo de productos y servicios promoviendo la actividad comercial de los emprendedores y tejiendo lazos entre ellos.<br \/>\nAdem\u00e1s, en el marco de la feria siempre se organizan sorteos, regalos, shows, demostraciones, charlas y muchas actividades gratuitas para toda la familiaLa convocatoria para ser parte de Pilar de Feria est\u00e1 abierta a todo tipo de emprendimiento, como artesanos, dise\u00f1adores de ropa, calzados, catering, bijou, plantas, adornos, amenities, moda, belleza, cuidado personal, accesorios, carteras, Blanquear\u00eda, muebles, decoraci\u00f3n, tejidos, profesionales, etc. etc.etc.<\/span><\/p>\n","protected":false},"excerpt":{"rendered":"<p>En el marco del Mes del Emprendedor, este martes 20 de noviembre a las 19 hs se brindar\u00e1 una charla [&hellip;]<\/p>\n","protected":false},"author":2,"featured_media":0,"comment_status":"open","ping_status":"open","sticky":false,"template":"","format":"standard","meta":[],"categories":[2],"tags":[],"_links":{"self":[{"href":"https:\/\/quasarcomunicacion.com.ar\/web\/wp-json\/wp\/v2\/posts\/1059"}],"collection":[{"href":"https:\/\/quasarcomunicacion.com.ar\/web\/wp-json\/wp\/v2\/posts"}],"about":[{"href":"https:\/\/quasarcomunicacion.com.ar\/web\/wp-json\/wp\/v2\/types\/post"}],"author":[{"embeddable":true,"href":"https:\/\/quasarcomunicacion.com.ar\/web\/wp-json\/wp\/v2\/users\/2"}],"replies":[{"embeddable":true,"href":"https:\/\/quasarcomunicacion.com.ar\/web\/wp-json\/wp\/v2\/comments?post=1059"}],"version-history":[{"count":0,"href":"https:\/\/quasarcomunicacion.com.ar\/web\/wp-json\/wp\/v2\/posts\/1059\/revisions"}],"wp:attachment":[{"href":"https:\/\/quasarcomunicacion.com.ar\/web\/wp-json\/wp\/v2\/media?parent=1059"}],"wp:term":[{"taxonomy":"category","embeddable":true,"href":"https:\/\/quasarcomunicacion.com.ar\/web\/wp-json\/wp\/v2\/categories?post=1059"},{"taxonomy":"post_tag","embeddable":true,"href":"https:\/\/quasarcomunicacion.com.ar\/web\/wp-json\/wp\/v2\/tags?post=1059"}],"curies":[{"name":"wp","href":"https:\/\/api.w.org\/{rel}","templated":true}]}}