{"id":1048,"date":"2012-11-13T21:33:09","date_gmt":"2012-11-13T21:33:09","guid":{"rendered":"http:\/\/quasarcomunicacion.wordpress.com\/?p=1048"},"modified":"2012-11-13T21:33:09","modified_gmt":"2012-11-13T21:33:09","slug":"carrusel-solidario-en-pilar-point-a-beneficio-del-jardin-927","status":"publish","type":"post","link":"https:\/\/quasarcomunicacion.com.ar\/web\/carrusel-solidario-en-pilar-point-a-beneficio-del-jardin-927\/","title":{"rendered":"Carrusel Solidario en Pilar Point a beneficio del Jard\u00edn 927"},"content":{"rendered":"<p><span style=\"font-family:Verdana;font-size:small;\">El s\u00e1bado 17 de noviembre se realizar\u00e1 entre las 16 y las 21 hs una nueva edici\u00f3n del\u00a0<b>Carrousel Solidario<\/b>\u00a0en el<b>Shopping Pilar Point\u00a0<\/b>(Estanislao L\u00f3pez e Ituzaing\u00f3). En esta ocasi\u00f3n, todo lo recaudado ser\u00e1 a beneficio de la Cooperadora del Jard\u00edn N\u00ba 927 del barrio Federico Falc\u00f3n.<!--more--><\/span><br \/>\n<img loading=\"lazy\" alt=\"\" src=\"http:\/\/www.quasarcomunicacion.com.ar\/pilarpoint\/2012\/carrusel17.gif\" height=\"333\" width=\"500\" \/><br \/>\n<span style=\"font-family:Verdana;font-size:small;\">Cada vuelta tendr\u00e1 un valor de $2, y el dinero obtenido con esta actividad ser\u00e1 utilizado para realizar arreglos en la instituci\u00f3n. Actualmente, la prioridad es la compra de una nueva puerta (m\u00e1s resistente) para la entrada, as\u00ed como la instalaci\u00f3n de nuevos reflectores en el patio para mejorar la seguridad del jard\u00edn ubicado en Oliden 7735.<\/span><br \/>\n<span style=\"font-family:Verdana;font-size:small;\">El jard\u00edn de infantes N\u00ba 927 contin\u00faa trabajando para que d\u00eda a d\u00eda los ni\u00f1os que asisten puedan recibir la mejor educaci\u00f3n posible. entre sus proyectos a futuro se encuentra la participaci\u00f3n en la Feria de Ciencias de Pilar, por lo que la donaci\u00f3n de elementos de ciencia (libros, materiales para experimentaci\u00f3n, computadoras, etc.) pueden ser muy \u00fatiles para ellos.<\/span><\/p>\n","protected":false},"excerpt":{"rendered":"<p>El s\u00e1bado 17 de noviembre se realizar\u00e1 entre las 16 y las 21 hs una nueva edici\u00f3n del\u00a0Carrousel Solidario\u00a0en elShopping [&hellip;]<\/p>\n","protected":false},"author":2,"featured_media":0,"comment_status":"open","ping_status":"open","sticky":false,"template":"","format":"standard","meta":[],"categories":[2],"tags":[],"_links":{"self":[{"href":"https:\/\/quasarcomunicacion.com.ar\/web\/wp-json\/wp\/v2\/posts\/1048"}],"collection":[{"href":"https:\/\/quasarcomunicacion.com.ar\/web\/wp-json\/wp\/v2\/posts"}],"about":[{"href":"https:\/\/quasarcomunicacion.com.ar\/web\/wp-json\/wp\/v2\/types\/post"}],"author":[{"embeddable":true,"href":"https:\/\/quasarcomunicacion.com.ar\/web\/wp-json\/wp\/v2\/users\/2"}],"replies":[{"embeddable":true,"href":"https:\/\/quasarcomunicacion.com.ar\/web\/wp-json\/wp\/v2\/comments?post=1048"}],"version-history":[{"count":0,"href":"https:\/\/quasarcomunicacion.com.ar\/web\/wp-json\/wp\/v2\/posts\/1048\/revisions"}],"wp:attachment":[{"href":"https:\/\/quasarcomunicacion.com.ar\/web\/wp-json\/wp\/v2\/media?parent=1048"}],"wp:term":[{"taxonomy":"category","embeddable":true,"href":"https:\/\/quasarcomunicacion.com.ar\/web\/wp-json\/wp\/v2\/categories?post=1048"},{"taxonomy":"post_tag","embeddable":true,"href":"https:\/\/quasarcomunicacion.com.ar\/web\/wp-json\/wp\/v2\/tags?post=1048"}],"curies":[{"name":"wp","href":"https:\/\/api.w.org\/{rel}","templated":true}]}}