{"id":10328,"date":"2020-07-30T17:00:15","date_gmt":"2020-07-30T17:00:15","guid":{"rendered":"https:\/\/quasarcomunicacion.com.ar\/web\/?p=10328"},"modified":"2020-07-30T17:05:38","modified_gmt":"2020-07-30T17:05:38","slug":"la-camara-pyme-de-pilar-continua-durante-agosto-con-los-webinars-gratuitos","status":"publish","type":"post","link":"https:\/\/quasarcomunicacion.com.ar\/web\/la-camara-pyme-de-pilar-continua-durante-agosto-con-los-webinars-gratuitos\/","title":{"rendered":"La C\u00e1mara Pyme de Pilar contin\u00faa durante agosto con los Webinars gratuitos"},"content":{"rendered":"<p>La <strong>C\u00e1mara de la Peque\u00f1a y Mediana Empresa de Pilar<\/strong> contin\u00faa con el Ciclo de Webinars Gratuitos, los jueves a las 16 hs. La actividad es gratuita y s\u00f3lo se requiere inscripci\u00f3n previa <a href=\"https:\/\/bit.ly\/inscripcioncapacitaciones2020\"> https:\/\/bit.ly\/inscripcioncapacitaciones2020<\/a><\/p>\n<p>En agosto tendr\u00e1n lugar el 6 y 20 con los siguientes temas: el jueves 6 Crear Identidad de marca en una Startup a cargo de Sa\u00fal G\u00f3mez y el 20 El lenguaje como coordinador de acciones con Federico Mila.<!--more--><br \/>\nEn el primer encuentro de agosto, con el titulo \u00abCrear Identidad de marca en una Startup\u00bb,\u00a0 Sa\u00fal G\u00f3mez abordar\u00e1 la definici\u00f3n de personalidad de la marca; Misi\u00f3n. Visi\u00f3n, Valores y C\u00edrculo de Oro de la identidad; Audiencias y Stakeholders; Aspectos importantes de la Identidad Visual y Aspectos b\u00e1sicos del Branding<\/p>\n<p><a href=\"https:\/\/quasarcomunicacion.com.ar\/web\/wp-content\/uploads\/2020\/07\/charlajulio.png\"><img class=\"aligncenter\" src=\"https:\/\/quasarcomunicacion.com.ar\/web\/wp-content\/uploads\/2020\/07\/charlajulio.png\" \/><\/a><\/p>\n<p>Sa\u00fal G\u00f3mez es Especialista Identidad Corporativa y Creaci\u00f3n de marca. Co-Founder de Geet Academy y Co-Founder de Trazatodo.com. Conoc\u00e9 m\u00e1s de \u00e9l en <a href=\"https:\/\/www.linkedin.com\/in\/gomezsa\/\"> https:\/\/www.linkedin.com\/in\/gomezsa\/<\/a><\/p>\n<p>El jueves 20, Federico Mila hablar\u00e1 sobre \u00abEl lenguaje como coordinador de acciones\u00bb. All\u00ed se dilucir\u00e1 la doble cara de los juicios- Juicios y formas de ser- La transparencia y los quiebres- la acci\u00f3n como distinci\u00f3n ling\u00fc\u00edstica.<\/p>\n<p>Federico Mila es licenciado en Recursos Humanos egresado de la USAL, Coach Ontol\u00f3gico profesional y realiz\u00f3 un master Buniness Administration \u2013 USAL \u2013 Universidad de Deusto<\/p>\n<p>Para los que no pudieron participar de los anteriores, las charlas quedan grabadas en el flamante canal de Youtube de la instituci\u00f3n al que se puede ingresar aqu\u00ed <a href=\"https:\/\/www.youtube.com\/channel\/UCAN59l7jMFs1DEKrNJecymg\"> https:\/\/www.youtube.com\/channel\/UCAN59l7jMFs1DEKrNJecymg<\/a><\/p>\n<p>La <strong>C\u00e1mara Pyme de Pilar<\/strong> lanz\u00f3 esta iniciativa junto a la <strong>C\u00e1mara Empresaria del Parque Industrial (CEPIP) <\/strong>y a <strong>Pilar Emprende<\/strong> con el apoyo de la <strong>Municipalidad de Pilar <\/strong>a trav\u00e9s de la Secretar\u00eda de Desarrollo Econ\u00f3mico y de la C\u00e1mara Argentina de Comercio y Servicios (CAC).<\/p>\n<p>La <strong>C\u00e1mara PyME de Pilar<\/strong> busca fortalecer, promover y desarrollar la tarea empresarial por medio de la capacitaci\u00f3n y la formaci\u00f3n de nuevos contactos actuando como n\u00facleo para el desarrollo de negocios. Su propuesta tiende a obtener un crecimiento conjunto, donde las experiencias vayan enriqueciendo las posibilidades de cada empresa, respondiendo as\u00ed a las necesidades cambiantes del mercado global.<\/p>\n<p>M\u00e1s info y link para asociarse en <a href=\"https:\/\/cpymepilar.org.ar\/\"> https:\/\/cpymepilar.org.ar\/<\/a> o en las redes sociales tienen presencia en facebook y LinkedIn @cpymepilar<\/p>\n<p><strong><em>Por otras im\u00e1genes, audios o entrevistas no dude en contactarse<\/em><\/strong><\/p>\n<p><strong><em> Contactos de Prensa<\/em><\/strong><\/p>\n<table width=\"100%\">\n<tbody>\n<tr>\n<td width=\"50%\"><strong> Candela Villanueva &#8211; Asistente de Cuentas<\/strong><\/p>\n<p><b> Directo<\/b><strong>: <\/strong> 0230-4664772<br \/>\n<b> Skype:<\/b> quasarcomunicacion<br \/>\n<b> Instagram<\/b>: @quasarcomunicacion<br \/>\n<b> Twitter:<\/b> @quasarpilar<br \/>\n<b> Gr<\/b><b>upo y p\u00e1gina en Facebook: <\/b> www.facebook.com\/<a href=\"mailto:mfipata@gmail.com\">Quasar<\/a>Comunicacion<br \/>\n<b> Web:<\/b> <a href=\"http:\/\/www.quasarcomunicacion.com.ar\"> www.quasarcomunicacion.com.ar<\/a><\/p>\n<p><b> Mail<\/b><strong>:<\/strong> <a href=\"mailto:fernanda@quasarcomunicacion.com.ar\"> candela<\/a><a href=\"mailto:fernanda@quasarcomunicacion.com.ar\">@quasarcomunicacion.com.ar<\/a><\/td>\n<td width=\"50%\"><strong> Lic. Mar\u00eda Fernanda Ipata &#8211; Directora<br \/>\n<\/strong> <b><br \/>\n<\/b> <b> M\u00f3vil:<\/b> 0230-15-4584535<br \/>\n<b> Whatsapp<\/b><b>:<\/b><a href=\"https:\/\/bit.ly\/2J4cUvm\"> 11 5312 6795<\/a><br \/>\n<a href=\"https:\/\/bit.ly\/2Sn1zLP\"> Enviar whatsapp aqu\u00ed<\/a><br \/>\n<b> Skype:<\/b> quasarcomunicacion<br \/>\n<b> LinkedIn<\/b><strong>:\u00a0 <\/strong> <strong> <a href=\"http:\/\/www.linkedin.com\/in\/mfipata\"> http:\/\/www.linkedin.com\/in\/mfipata<\/a><\/strong><br \/>\n<a href=\"https:\/\/www.linkedin.com\/company\/quasarcomunicacion\"> https:\/\/www.linkedin.com\/company\/quasarcomunicacion<\/a><br \/>\n<b> Instagram y Facebook:<\/b> @quasarcomunicacion <b><br \/>\nWeb:<\/b> <a href=\"http:\/\/www.quasarcomunicacion.com.ar\"> www.quasarcomunicacion.com.ar<\/a><br \/>\n<b> Mail<\/b><strong>:<\/strong><a href=\"mailto:fernanda@quasarcomunicacion.com.ar\"> fernanda@quasarcomunicacion.com.ar<\/a><br \/>\n<b> Canal de Telegram para acceder a comunicados:<\/b> https:\/\/t.me\/comunicadosQC<\/td>\n<\/tr>\n<\/tbody>\n<\/table>\n","protected":false},"excerpt":{"rendered":"<p>La C\u00e1mara de la Peque\u00f1a y Mediana Empresa de Pilar contin\u00faa con el Ciclo de Webinars Gratuitos, los jueves a [&hellip;]<\/p>\n","protected":false},"author":2,"featured_media":10324,"comment_status":"open","ping_status":"open","sticky":false,"template":"","format":"standard","meta":[],"categories":[2],"tags":[],"_links":{"self":[{"href":"https:\/\/quasarcomunicacion.com.ar\/web\/wp-json\/wp\/v2\/posts\/10328"}],"collection":[{"href":"https:\/\/quasarcomunicacion.com.ar\/web\/wp-json\/wp\/v2\/posts"}],"about":[{"href":"https:\/\/quasarcomunicacion.com.ar\/web\/wp-json\/wp\/v2\/types\/post"}],"author":[{"embeddable":true,"href":"https:\/\/quasarcomunicacion.com.ar\/web\/wp-json\/wp\/v2\/users\/2"}],"replies":[{"embeddable":true,"href":"https:\/\/quasarcomunicacion.com.ar\/web\/wp-json\/wp\/v2\/comments?post=10328"}],"version-history":[{"count":2,"href":"https:\/\/quasarcomunicacion.com.ar\/web\/wp-json\/wp\/v2\/posts\/10328\/revisions"}],"predecessor-version":[{"id":10330,"href":"https:\/\/quasarcomunicacion.com.ar\/web\/wp-json\/wp\/v2\/posts\/10328\/revisions\/10330"}],"wp:featuredmedia":[{"embeddable":true,"href":"https:\/\/quasarcomunicacion.com.ar\/web\/wp-json\/wp\/v2\/media\/10324"}],"wp:attachment":[{"href":"https:\/\/quasarcomunicacion.com.ar\/web\/wp-json\/wp\/v2\/media?parent=10328"}],"wp:term":[{"taxonomy":"category","embeddable":true,"href":"https:\/\/quasarcomunicacion.com.ar\/web\/wp-json\/wp\/v2\/categories?post=10328"},{"taxonomy":"post_tag","embeddable":true,"href":"https:\/\/quasarcomunicacion.com.ar\/web\/wp-json\/wp\/v2\/tags?post=10328"}],"curies":[{"name":"wp","href":"https:\/\/api.w.org\/{rel}","templated":true}]}}