{"id":10306,"date":"2020-06-29T18:42:52","date_gmt":"2020-06-29T18:42:52","guid":{"rendered":"https:\/\/quasarcomunicacion.com.ar\/web\/?p=10306"},"modified":"2020-06-29T18:42:52","modified_gmt":"2020-06-29T18:42:52","slug":"estaremos-en-el-social-media-day","status":"publish","type":"post","link":"https:\/\/quasarcomunicacion.com.ar\/web\/estaremos-en-el-social-media-day\/","title":{"rendered":"Estaremos en el Social media Day"},"content":{"rendered":"<p style=\"font-weight: 400;\">Este martes 30 estaremos asistiendo nuevamente del <strong>Social Media Day<\/strong>, el evento sobre redes sociales y comunicaci\u00f3n digital m\u00e1s importante de la Argentina. Tendr\u00e1 lugar el\u00a0 martes 30 de junio por primera vez en formato online y conectar\u00e1 a ciudades de todo el pa\u00eds para debatir sobre nuevas tendencias y actualizaciones en la industria. <a href=\"https:\/\/www.eventbrite.com.ar\/e\/social-media-day-argentina-edicion-online-tickets-108035535194?ref=enivtefor001&amp;invite=MTk3MTIyOTYvZW1wcmVuZGVyaG95cGlsYXJAZ21haWwuY29tLzA%3D%0A&amp;utm_source=eb_email&amp;utm_medium=email&amp;utm_campaign=inviteformalv2&amp;utm_term=attend\">Inscribite aqu\u00ed<\/a><!--more--><\/p>\n<p style=\"font-weight: 400;\">\u00a0\u00a0 Desde una mirada federal, adaptada a los desaf\u00edos que resultan comunes en todas las provincias, en esta edici\u00f3n virtual se ofrecer\u00e1n charlas vinculadas a las nuevas estrategias de comunicaci\u00f3n en entornos de crisis, al nuevo rol de los influencers, publicidad digital, creatividad en contenidos, intercambios en redes sociales, estrategias y formatos de Youtube, TikTok y el ecosistema de los videos cortos, entre otras. Cada disertante brindar\u00e1 una charla de 15 minutos, que podr\u00e1 ser seguida en directo desde todo el territorio nacional.<\/p>\n<p><a href=\"https:\/\/quasarcomunicacion.com.ar\/web\/wp-content\/uploads\/2020\/06\/socialmediaday.png\"><img class=\"aligncenter\" src=\"https:\/\/quasarcomunicacion.com.ar\/web\/wp-content\/uploads\/2020\/06\/socialmediaday.png\" \/><\/a><\/p>\n<p style=\"font-weight: 400;\">\u00a0 Los siguientes son los oradores confirmados y sus disertaciones:<\/p>\n<p style=\"font-weight: 400;\">&#8211;\u00a0\u00a0\u00a0\u00a0\u00a0\u00a0\u00a0\u00a0\u00a0\u00a0<strong>Kathy K. Lui (Account Strategist Google Latam): \u201c<em>Estrategias y Formatos de Youtube\u201d<\/em>.<\/strong>Trabaja en Google Argentina hace dos a\u00f1os y vive en Buenos Aires hace tres. En Google, Kathy ayuda a crecer las PyMEs en la regi\u00f3n a trav\u00e9s de Google Ads. Antes trabaj\u00f3 en Endeavor Argentina, donde ayud\u00f3 a empoderar emprendedores en el pa\u00eds. Estudi\u00f3 Relaciones Internacionales con foco en Am\u00e9rica Latina en la Universidad de George Washington en Washington D.C.<\/p>\n<p style=\"font-weight: 400;\">&#8211;\u00a0\u00a0\u00a0\u00a0\u00a0\u00a0\u00a0\u00a0\u00a0\u00a0<strong>Fernando Vega (ComScore Social Manager para Am\u00e9rica Latina)\u00a0<em>\u201cE<\/em><\/strong><strong><em>l Estado de Social y Branded Content en 2020<\/em><\/strong><strong>\u201d.<\/strong>\u00a0L\u00edder de atenci\u00f3n y soporte a clientes de las plataformas de medici\u00f3n social para ComScore en Am\u00e9rica Latina. Se dedica a generar propuestas de valor para el equipo comercial donde se exploten al m\u00e1ximo los datos y reportes que generan las herramientas de medici\u00f3n social.<\/p>\n<p style=\"font-weight: 400;\">&#8211;\u00a0\u00a0\u00a0\u00a0\u00a0\u00a0\u00a0\u00a0\u00a0\u00a0<strong>Noel Nuez (Country Manager Spanish SouthAmerica | TikTok).\u00a0<em>\u201cTikTok express para Pymes\u201d.<\/em><\/strong>Lider\u00f3 el lanzamiento de TikTok en Espa\u00f1a y Sudam\u00e9rica en 2018. Hoy TikTok es la plataforma de video de m\u00e1s crecimiento de usuarios en el mundo y muchas peque\u00f1as empresas comienzan a preguntarse c\u00f3mo crecer entre las audiencias de Generaci\u00f3nZ y Millenial en esta app.<\/p>\n<p style=\"font-weight: 400;\"><strong>\u00a0<\/strong>&#8211;\u00a0\u00a0\u00a0\u00a0\u00a0\u00a0\u00a0\u00a0\u00a0\u00a0<strong>Federico Rey Lennon (Rey Lennon, Cavatorta &amp; Asociados).\u00a0<em>\u201c<\/em><\/strong><strong><em>Estrategias de Comunicaci\u00f3n en entornos de crisis\u201d<\/em><\/strong><strong>.<\/strong>\u00a0Doctor en Comunicaci\u00f3n P\u00fablica Cum Laude por la Universidad de Navarra-Pamplona y licenciado en Publicidad por la Universidad del Salvador. Docente e investigador en la Universidad de La Matanza; en la UCA y en la UES21.Asesora a empresas, ONGs y pol\u00edticos como consultor en comunicaci\u00f3n estrat\u00e9gica y gesti\u00f3n de crisis, con especial \u00e9nfasis en los medios sociales digitales.<\/p>\n<p style=\"font-weight: 400;\">&#8211;\u00a0\u00a0\u00a0\u00a0\u00a0\u00a0\u00a0\u00a0\u00a0\u00a0<strong>Mar\u00eda Zavalsky<\/strong>\u00a0<strong>(directora de marketing de Codere).<em>\u00a0\u201c<\/em><\/strong><strong><em>Incertidumbre, impacto, \u00a1reabrir!\u00a0 Marcas y marketing en un nuevo escenario\u201d<\/em><\/strong><strong>.\u00a0<\/strong>Posee vasta experiencia en canal online, marketing y experiencia del cliente, adquirida en empresas de primera l\u00ednea. Es directora de marketing para Codere, ejerci\u00f3 el rol de directora de marketing online en Almundo y lider\u00f3 el canal online de Movistar. Es licenciada en administraci\u00f3n y profesora de la maestr\u00eda \u201cBusiness and Technology\u201d de la Universidad de San Andr\u00e9s.<\/p>\n<p style=\"font-weight: 400;\">&#8211;\u00a0\u00a0\u00a0\u00a0\u00a0\u00a0\u00a0\u00a0\u00a0\u00a0<strong>Lalo Zanoni<\/strong>\u00a0<strong>(periodista de tecnolog\u00eda e innovaci\u00f3n).\u00a0<em>\u201c<\/em><\/strong><strong><em>Relatos, discursos y mensajes de las marcas en las redes sociales\u201d.<\/em><\/strong>Periodista y consultor de empresas y gobiernos, es pionero en el estudio de las marcas en el mundo digital. En 2007 fundo\u0301 tercerclick, la primera agencia argentina de social media desde donde trabajo\u0301 en la elaboracio\u0301n de estrategias digitales para importantes marcas. Autor de varios libros, tambi\u00e9n escribe art\u00edculos de tecnolog\u00eda y negocios. Actualmente es socio de la agencia de marketing digital Thet Studio.<\/p>\n<p style=\"font-weight: 400;\">&#8211;\u00a0\u00a0\u00a0\u00a0\u00a0\u00a0\u00a0\u00a0\u00a0\u00a0<strong>Tom\u00e1s Balmaceda<\/strong>\u00a0<strong>(doctor en Filosof\u00eda-UBA).\u00a0<em>\u201c<\/em><\/strong><strong><em>Cultura de la Influencia y disidencia: cuando las redes son un campo de batalla\u201d<\/em><\/strong><strong>.<\/strong>\u00a0Es doctor en Filosof\u00eda y profesor universitario. Trabaja desde hace 15 a\u00f1os en distintos medios de comunicaci\u00f3n (hoy en la Revista VIVA de Clar\u00edn y en La Naci\u00f3n, entre otros sitios) y escribi\u00f3 varios libros. Siempre se interes\u00f3 por la comunicaci\u00f3n y los entornos digitales. Acaba de terminar de escribir con Miriam De Paoli y Juan Marenco un libro sobre influencers llamado \u201cCultura de la Influencia\u201d.<\/p>\n<p style=\"font-weight: 400;\">&#8211;\u00a0\u00a0\u00a0\u00a0\u00a0\u00a0\u00a0\u00a0\u00a0\u00a0<strong>Cecilia Hugony (fundadora de RealCX<em>):\u00a0<\/em><\/strong><strong>\u201c<\/strong><strong>Redes sociales: la nueva expectativa de los clientes<\/strong><strong><em>\u201d.<\/em><\/strong>Tiene m\u00e1s de 25 a\u00f1os de trayectoria internacional en el \u00e1rea de \u201cexperiencia de clientes\u201d. Es fundadora de RealCX, donde se desarrolla como speaker y consultora a nivel nacional y regional. Dirige el Programa Ejecutivo de Customer Experience de la Universidad del CEMA, gan\u00f3 el premio \u201cWomen To Watch\u201d 2018 y el premio PAMOIC a la Mejor Profesional de 2017. Antes fue responsable de la Estrategia Regional de Clientes en Despegar, directora de Experiencia de Clientes en Fr\u00e1vega y Regional Engagement Manager CX en DIRECTV Panamericana.<\/p>\n<p style=\"font-weight: 400;\"><strong>\u00a0<\/strong>&#8211;\u00a0\u00a0\u00a0\u00a0\u00a0\u00a0\u00a0\u00a0\u00a0\u00a0<strong>Joaqu\u00edn Lanuza<\/strong>\u00a0<strong>(Profesor de Social Media Day Argentina).\u00a0<em>\u201cPublicidad digital\u201d.<\/em><\/strong>Licenciado en Comunicaci\u00f3n Social, especialista en Marketing Digital &amp; Consultor Digital. Director &amp; Co-Fundador de Double Haul Digital Solutions. Se dedica a la planificaci\u00f3n y desarrollo de estrategias digitales para diferentes clientes.<\/p>\n<p style=\"font-weight: 400;\">&#8211;\u00a0\u00a0\u00a0\u00a0\u00a0\u00a0\u00a0\u00a0\u00a0\u00a0<strong>Sof\u00eda Schoo\u00a0Lastra<\/strong>\u00a0<strong>(Profesora de Social Media Day Argentina).\u00a0<em>\u201c<\/em><\/strong><strong><em>Instagram: tips y buenas pr\u00e1cticas\u201d.<\/em><\/strong>Licenciada en Comunicaci\u00f3n Social. Estudi\u00f3 Relaciones P\u00fablicas y Realizaci\u00f3n Audiovisual. Fan del mundo digital y los nuevos medios. Trabaja en el \u00e1rea de comunicaci\u00f3n en el \u00e1mbito privado y p\u00fablico, en el asesoramiento, planificaci\u00f3n y gesti\u00f3n de redes sociales y en acciones de prensa. Lleva adelante el proyecto Popurr\u00ed Digital, dedicado a la tecnolog\u00eda, innovaci\u00f3n y nuevos medios. Forma parte del programa \u201cYo te avis\u00e9\u201d por Radio 10 Rosario.<\/p>\n<p style=\"font-weight: 400;\">&#8211;\u00a0\u00a0\u00a0\u00a0\u00a0\u00a0\u00a0\u00a0\u00a0\u00a0<strong>Juan Mart\u00edn Mui\u00f1o<\/strong>\u00a0<strong>(director creativo de HOY by Havas).<\/strong>\u00a0Es licenciado en Comunicaci\u00f3n y trabaja como director creativo en HOY, la agencia de Havas con sedes en Buenos Aires, Bogot\u00e1 y Medell\u00edn. A lo largo de su carrera trabaj\u00f3 para marcas como Citro\u00ebn, Netflix, Starbucks y LG, y su trabajo ha sido reconocido en los Webby Awards, Diente y El Ojo de Iberoam\u00e9rica, entre otros.<\/p>\n<p style=\"font-weight: 400;\">&#8211;\u00a0\u00a0\u00a0\u00a0\u00a0\u00a0\u00a0\u00a0\u00a0\u00a0<strong>Silvana Jachevasky<\/strong>\u00a0<strong>(CMO en Naranja).<\/strong>\u00a0Lidera los equipos de MKT Digital, Dise\u00f1o UX y Canales on line; y forma parte de la Direcci\u00f3n Comercial desde que se sum\u00f3 a Naranja en 1999. Est\u00e1 al frente del proyecto de estrategia de evoluci\u00f3n digital de la empresa. Junto a su equipo, desarrolla los principales proyectos digitales de Naranja: el home banking para clientes y comercios, la App Mobile y la web p\u00fablica. Con el equipo de performance, logr\u00f3 posicionar a Naranja como l\u00edder en venta online de tarjetas de cr\u00e9dito en la regi\u00f3n.<\/p>\n<p style=\"font-weight: 400;\">\u00a0\u00a0 En este 2020, adem\u00e1s,\u00a0<strong>SMDay Argentina<\/strong>\u00a0relanz\u00f3 sus cursos online con profesionales del rubro e impulsa, a la vez, una serie de Webinars para ampliar conocimientos en la materia. La oferta acad\u00e9mica puede consultarse en\u00a0<a href=\"http:\/\/www.smday.com.ar\/capacitaciones\" data-saferedirecturl=\"https:\/\/www.google.com\/url?q=http:\/\/www.smday.com.ar\/capacitaciones&amp;source=gmail&amp;ust=1593542272142000&amp;usg=AFQjCNEhHoDn4tSIOUOteKMbl4o1wxrrVQ\">www.smday.com.ar\/capacitaciones<\/a>.<\/p>\n<p style=\"font-weight: 400;\">\u00a0\u00a0<strong>Social Media Day Argentina<\/strong>\u00a0en su edici\u00f3n online se desarrollar\u00e1 el 30 de junio de 17:30 a 20:30 y las entradas pueden adquirirse en\u00a0<a href=\"http:\/\/www.smday.com.ar\/ediciononline\" data-saferedirecturl=\"https:\/\/www.google.com\/url?q=http:\/\/www.smday.com.ar\/ediciononline&amp;source=gmail&amp;ust=1593542272142000&amp;usg=AFQjCNE3kfXIcoW_-P4HKpj7CqxuhtAjZQ\">www.smday.com.ar\/ediciononline<\/a>. Social Media Day es organizado por la productora\u00a0<strong>Digital Interactivo<\/strong>\u00a0<a href=\"http:\/\/www.digitalinteractivo.com\/\" data-saferedirecturl=\"https:\/\/www.google.com\/url?q=http:\/\/www.digitalinteractivo.com\/&amp;source=gmail&amp;ust=1593542272142000&amp;usg=AFQjCNEJYkzYOr0W0_nfW9Jr8GS5pulnLw\">www.digitalinteractivo.com<\/a>, a cargo de Adriana Bustamante y Diego Piscitelli, y en esta ocasi\u00f3n cuenta con el acompa\u00f1amiento de\u00a0<strong>Naranja<\/strong>,\u00a0<strong>Comscore<\/strong>,\u00a0<strong>Universidad Cat\u00f3lica Argentina (UCA),\u00a0LiveDirecto, IAB, C\u00e1mara Argentina de Comercio Electr\u00f3nico (CACE),<\/strong>\u00a0<strong>Mitre<\/strong>\u00a0y partners locales:\u00a0<strong>Interact\u00faa<\/strong>\u00a0en Paran\u00e1,\u00a0<strong>Cuatro Cruz<\/strong>\u00a0en Neuqu\u00e9n,\u00a0<strong>Mariano Garc\u00eda<\/strong>\u00a0en Mar del Plata<strong>, TodoJujuy.com y El Cuatro<\/strong>\u00a0de Jujuy,<strong>\u00a0Universidad de la Cuenca del Plata\u00a0<\/strong>en Posadas y Corrientes,\u00a0<strong>Universidad Blas Pascal\u00a0<\/strong>en C\u00f3rdoba e importantes medios locales.<\/p>\n","protected":false},"excerpt":{"rendered":"<p>Este martes 30 estaremos asistiendo nuevamente del Social Media Day, el evento sobre redes sociales y comunicaci\u00f3n digital m\u00e1s importante [&hellip;]<\/p>\n","protected":false},"author":2,"featured_media":10307,"comment_status":"open","ping_status":"open","sticky":false,"template":"","format":"standard","meta":[],"categories":[64],"tags":[],"_links":{"self":[{"href":"https:\/\/quasarcomunicacion.com.ar\/web\/wp-json\/wp\/v2\/posts\/10306"}],"collection":[{"href":"https:\/\/quasarcomunicacion.com.ar\/web\/wp-json\/wp\/v2\/posts"}],"about":[{"href":"https:\/\/quasarcomunicacion.com.ar\/web\/wp-json\/wp\/v2\/types\/post"}],"author":[{"embeddable":true,"href":"https:\/\/quasarcomunicacion.com.ar\/web\/wp-json\/wp\/v2\/users\/2"}],"replies":[{"embeddable":true,"href":"https:\/\/quasarcomunicacion.com.ar\/web\/wp-json\/wp\/v2\/comments?post=10306"}],"version-history":[{"count":1,"href":"https:\/\/quasarcomunicacion.com.ar\/web\/wp-json\/wp\/v2\/posts\/10306\/revisions"}],"predecessor-version":[{"id":10308,"href":"https:\/\/quasarcomunicacion.com.ar\/web\/wp-json\/wp\/v2\/posts\/10306\/revisions\/10308"}],"wp:featuredmedia":[{"embeddable":true,"href":"https:\/\/quasarcomunicacion.com.ar\/web\/wp-json\/wp\/v2\/media\/10307"}],"wp:attachment":[{"href":"https:\/\/quasarcomunicacion.com.ar\/web\/wp-json\/wp\/v2\/media?parent=10306"}],"wp:term":[{"taxonomy":"category","embeddable":true,"href":"https:\/\/quasarcomunicacion.com.ar\/web\/wp-json\/wp\/v2\/categories?post=10306"},{"taxonomy":"post_tag","embeddable":true,"href":"https:\/\/quasarcomunicacion.com.ar\/web\/wp-json\/wp\/v2\/tags?post=10306"}],"curies":[{"name":"wp","href":"https:\/\/api.w.org\/{rel}","templated":true}]}}