{"id":10292,"date":"2020-06-24T17:35:31","date_gmt":"2020-06-24T17:35:31","guid":{"rendered":"https:\/\/quasarcomunicacion.com.ar\/web\/?p=10292"},"modified":"2020-06-26T22:22:46","modified_gmt":"2020-06-26T22:22:46","slug":"pilar-emprende-y-asea-inician-ciclo-de-webinars","status":"publish","type":"post","link":"https:\/\/quasarcomunicacion.com.ar\/web\/pilar-emprende-y-asea-inician-ciclo-de-webinars\/","title":{"rendered":"Pilar Emprende y ASEA inician ciclo de webinars"},"content":{"rendered":"<p><strong>Pilar Emprende<\/strong> se suma a los webinars de la <strong>Asociaci\u00f3n de Emprendedores de la Argentina <\/strong>(ASEA). El primer encuentro virtual y gratuito ser\u00e1 el jueves 2 de julio a las 17 hs con la charla <em>\u00abEconom\u00eda Colaborativa y Econom\u00eda de Bajo Contacto: una nueva realidad para el emprendedor\u00bb <\/em>a cargo de Gabriel Bresler. Inscribite aqu\u00ed <a href=\"https:\/\/bit.ly\/2AO2fD3\">https:\/\/bit.ly\/2AO2fD3<\/a><!--more--><\/p>\n<p>Se hablar\u00e1 sobre la Biolog\u00eda de las nuevas decisiones: \u00bfpor d\u00f3nde empieza el redise\u00f1o de mi emprendimiento? \u00bfInteligencia Individual o Inteligencia Colectiva? \u00bfC\u00f3mo aparecen las ideas m\u00e1s potentes?<\/p>\n<p>Gabriel Bresler es fundador de la consultora RE-DI-SE-\u00d1AR-TE, es Coach Ontol\u00f3gico Profesional &#8211; Certificado en BioNeuroEmocion, Consultor +B Sustentabilidad, Ingeniero en electr\u00f3nica (UTN), consultor en empresas familiares, entrenador en decisiones.<\/p>\n<p>Quienes se inscriban, un d\u00eda antes recibir\u00e1n el link para ingresar a la reuni\u00f3n.<\/p>\n<p>Pilar Emprende, a trav\u00e9s de la Lic. Mar\u00eda Fernanda Ipata, act\u00faa como embajadores de <strong>ASEA<\/strong> en la zona desde hace m\u00e1s de dos a\u00f1os. La ONG cuenta con una red de embajadores en todo el pa\u00eds para federalizar el trabajo que realizan.<\/p>\n<p>Con m\u00e1s de 30 mil miembros, la Asociaci\u00f3n de Emprendedores de Argentina es una ONG que busca fomentar el emprendedorismo en Argentina, a trav\u00e9s de la influencia en pol\u00edticas p\u00fablicas y el acompa\u00f1amiento a emprendedores a lo largo y ancho del pa\u00eds.<\/p>\n<p>La instituci\u00f3n ayuda en todas las etapas y crecimiento del emprendimiento y adem\u00e1s forman parte de ASELA, la Asociaci\u00f3n de Emprendedores de Latinoam\u00e9rica.<\/p>\n<p>Los interesados podr\u00e1n sumarse como miembros gratuitamente o bien asociarse por\u00a0 $199,99\/mes y acceder a un carnet virtual y a un mont\u00f3n de beneficios exclusivos. Aqu\u00ed hay m\u00e1s detalles sobre las membres\u00edas <a href=\"https:\/\/www.asea.org.ar\/pagina-estatica\/beneficios\"> https:\/\/www.asea.org.ar\/pagina-estatica\/beneficios<\/a><\/p>\n<p>Por su parte, <strong>Pilar Emprende <\/strong> es un espacio pensado por emprendedores para los emprendedores de Pilar que junto a <strong>Emprender HOY<\/strong> le brindan oportunidades para crecer con sus proyectos ofreciendo herramientas, espacios de networking, capacitaciones, tips, noticias, informaci\u00f3n, consultor\u00eda, grupos de difusi\u00f3n y compra y venta y todo lo que necesita el emprendedor para crecer y conformar un s\u00f3lido ecosistema emprendedor en la zona. M\u00e1s info y redes <a href=\"http:\/\/linktr.ee\/pilaremprende\">http:\/\/linktr.ee\/pilaremprende<\/a><\/p>\n<p><strong>Acerca de Emprender HOY<\/strong><\/p>\n<p><strong>Emprender HOY<\/strong> es un espacio para todos los emprendedores que se materializa en diversos eventos como ferias, encuentros, capacitaciones, consultor\u00edas, espacios de networking, entre otros. Est\u00e1 conformado por un equipo de profesionales emprendedores que ofrecen su experiencia y conocimiento para ayudar a otros que est\u00e1n emprendiendo a crecer con sus proyectos.<\/p>\n<p>La raz\u00f3n de ser, la misi\u00f3n, de<strong> Emprender HOY <\/strong>es proporcionar al sector Emprendedor herramientas y conocimientos que le permitan desarrollar su propio emprendimiento e incorporar competencias que deriven en su mejora continua.<\/p>\n<p>Buscan fomentar una cultura colaborativa, el autoempleo y la sustentabilidad de los proyectos contribuyendo a la generaci\u00f3n de valor econ\u00f3mico en la sociedad a trav\u00e9s de la creaci\u00f3n y sostenimiento de un ecosistema emprendedor.<\/p>\n<p>Aspiran a ser un canal de comunicaci\u00f3n entre los emprendedores y entre las instituciones y organismos dedicados a ellos<\/p>\n<p><strong>Emprender Hoy<\/strong>, a trav\u00e9s del proyecto <strong>#DESARROLLOEMPRENDEDOR<\/strong> desarrolla por sexto a\u00f1o consecutivo un ciclo de actividades gratuitas compuesto por charlas y encuentros de networking.<\/p>\n<p>El mismo se desarrolla en la ciudad de Pilar (Bs. As., Argentina) y cuenta con el apoyo de diferentes instituciones, particulares, medios de comunicaci\u00f3n y consultores independientes que comparten su conocimiento de manera desinteresada.<\/p>\n<p><strong>Acerca de Pilar Emprende by Emprender HOY <\/strong><\/p>\n<p><strong>Pilar Emprende<\/strong> surge a partir del trabajo de <strong>Emprender HOY, <\/strong> un espacio que busca otorgarle valor a los proyectos de emprendedores de la zona, acompa\u00f1arlos en su puesta en marcha y disfrutar en equipo de los objetivos cumplidos<\/p>\n<p>Para cumplir con su misi\u00f3n, brindan herramientas, espacios de networking, capacitaciones, tips, noticias, consultor\u00eda y todo lo que necesita el emprendedor para crecer y conformar un s\u00f3lido ecosistema emprendedor.<\/p>\n<p><strong>Pilar Emprende<\/strong> es un espacio pensado por emprendedores para los emprendedores de Pilar que junto a <strong>Emprender HOY<\/strong> le brindan oportunidades para crecer con su proyecto<\/p>\n<p><strong> Emprender HOY <\/strong>es un espacio para todos los emprendedores que se materializa en diversos eventos como ferias, encuentros, capacitaciones, consultor\u00edas, espacios de networking, entre otros.<\/p>\n<p>La raz\u00f3n de ser, la misi\u00f3n, de <strong>Emprender HOY <\/strong>es proporcionar al sector Emprendedor herramientas y conocimientos que le permitan desarrollar su propio emprendimiento e incorporar competencias que deriven en su mejora continua.<\/p>\n<p>Desde la instituci\u00f3n buscan fomentar el autoempleo y la sustentabilidad de los proyectos contribuyendo a la generaci\u00f3n de valor econ\u00f3mico en la sociedad a trav\u00e9s de la creaci\u00f3n y sostenimiento de un ecosistema emprendedor. Aspiran a ser un canal de comunicaci\u00f3n entre los emprendedores y entre las instituciones y organismos dedicados a ellos<\/p>\n<p>Tambi\u00e9n cuentan con un grupo de consultores independientes que acercan su saber a los emprendedores, gener\u00e1ndose una comunidad donde la informaci\u00f3n se comparte de forma exponencial y viral<\/p>\n<p><strong><em>Por otras im\u00e1genes, audios o entrevistas no dude en contactarse<\/em><\/strong><\/p>\n<p style=\"text-align: center;\"><strong><em> Contactos de Prensa<\/em><\/strong><\/p>\n<table width=\"100%\">\n<tbody>\n<tr>\n<td width=\"50%\"><strong> Candela Villanueva &#8211; Asistente de Cuentas<\/strong><\/p>\n<p><b> Directo<\/b><strong>: <\/strong> 0230-4664772<br \/>\n<b> Skype:<\/b> quasarcomunicacion<br \/>\n<b> Instagram<\/b>: @quasarcomunicacion<br \/>\n<b> Twitter:<\/b> @quasarpilar<br \/>\n<b> Gr<\/b><b>upo y p\u00e1gina en Facebook: <\/b> www.facebook.com\/<a href=\"mailto:mfipata@gmail.com\">Quasar<\/a>Comunicacion<br \/>\n<b> Web:<\/b> <a href=\"http:\/\/www.quasarcomunicacion.com.ar\"> www.quasarcomunicacion.com.ar<\/a><\/p>\n<p><b> Mail<\/b><strong>:<\/strong> <a href=\"mailto:fernanda@quasarcomunicacion.com.ar\"> candela<\/a><a href=\"mailto:fernanda@quasarcomunicacion.com.ar\">@quasarcomunicacion.com.ar<\/a><\/td>\n<td width=\"50%\"><strong> Lucila Alvarez Rayau- \u00a0Asistente de Cuentas<\/strong><\/p>\n<p><b> Directo<\/b><strong>: <\/strong> 0230-4664772<br \/>\n<b> Whatsapp<\/b><b>:<\/b><a href=\"https:\/\/bit.ly\/2J4cUvm\"> 11 5312 6795<\/a><br \/>\n<a href=\"https:\/\/bit.ly\/2Sn1zLP\">Enviar whatsapp aqu\u00ed<\/a><br \/>\n<b> Skype:<\/b> quasarcomunicacion<br \/>\n<b> Twitter:<\/b> @quasarpilar<br \/>\n<b> Instagram y Facebook:<\/b> @quasarcomunicacion<br \/>\n<b> Web:<\/b> <a href=\"http:\/\/www.quasarcomunicacion.com.ar\"> www.quasarcomunicacion.com.ar<\/a><b><br \/>\nMail<\/b><strong>:<\/strong> <a href=\"mailto:fernanda@quasarcomunicacion.com.ar\"> asistente@quasarcomunicacion.com.ar<\/a><br \/>\n<b> Telegram: <\/b> @QuasarComunicacion<b><br \/>\nCanal de Telegram para acceder a comunicados:<\/b> https:\/\/t.me\/comunicadosQC<\/td>\n<\/tr>\n<\/tbody>\n<\/table>\n","protected":false},"excerpt":{"rendered":"<p>Pilar Emprende se suma a los webinars de la Asociaci\u00f3n de Emprendedores de la Argentina (ASEA). El primer encuentro virtual [&hellip;]<\/p>\n","protected":false},"author":2,"featured_media":10291,"comment_status":"open","ping_status":"open","sticky":false,"template":"","format":"standard","meta":[],"categories":[2],"tags":[],"_links":{"self":[{"href":"https:\/\/quasarcomunicacion.com.ar\/web\/wp-json\/wp\/v2\/posts\/10292"}],"collection":[{"href":"https:\/\/quasarcomunicacion.com.ar\/web\/wp-json\/wp\/v2\/posts"}],"about":[{"href":"https:\/\/quasarcomunicacion.com.ar\/web\/wp-json\/wp\/v2\/types\/post"}],"author":[{"embeddable":true,"href":"https:\/\/quasarcomunicacion.com.ar\/web\/wp-json\/wp\/v2\/users\/2"}],"replies":[{"embeddable":true,"href":"https:\/\/quasarcomunicacion.com.ar\/web\/wp-json\/wp\/v2\/comments?post=10292"}],"version-history":[{"count":4,"href":"https:\/\/quasarcomunicacion.com.ar\/web\/wp-json\/wp\/v2\/posts\/10292\/revisions"}],"predecessor-version":[{"id":10296,"href":"https:\/\/quasarcomunicacion.com.ar\/web\/wp-json\/wp\/v2\/posts\/10292\/revisions\/10296"}],"wp:featuredmedia":[{"embeddable":true,"href":"https:\/\/quasarcomunicacion.com.ar\/web\/wp-json\/wp\/v2\/media\/10291"}],"wp:attachment":[{"href":"https:\/\/quasarcomunicacion.com.ar\/web\/wp-json\/wp\/v2\/media?parent=10292"}],"wp:term":[{"taxonomy":"category","embeddable":true,"href":"https:\/\/quasarcomunicacion.com.ar\/web\/wp-json\/wp\/v2\/categories?post=10292"},{"taxonomy":"post_tag","embeddable":true,"href":"https:\/\/quasarcomunicacion.com.ar\/web\/wp-json\/wp\/v2\/tags?post=10292"}],"curies":[{"name":"wp","href":"https:\/\/api.w.org\/{rel}","templated":true}]}}