{"id":10253,"date":"2020-06-09T16:57:17","date_gmt":"2020-06-09T16:57:17","guid":{"rendered":"https:\/\/quasarcomunicacion.com.ar\/web\/?p=10253"},"modified":"2020-06-09T16:57:17","modified_gmt":"2020-06-09T16:57:17","slug":"webinar-el-trabajo-del-futuro-es-el-trabajo-de-la-educacion-hoy","status":"publish","type":"post","link":"https:\/\/quasarcomunicacion.com.ar\/web\/webinar-el-trabajo-del-futuro-es-el-trabajo-de-la-educacion-hoy\/","title":{"rendered":"Webinar \u00abEl trabajo del futuro es el trabajo de la educaci\u00f3n hoy\u00bb"},"content":{"rendered":"<p>El <strong> Polo Educativo Pilar<\/strong> junto a la <strong>Universidad del Salvador (USAL) <\/strong>inici\u00f3 en mayo un Ciclo de Desarrollo Profesional. Este mi\u00e9rcoles 10 de junio a las 17 hs ser\u00e1 el segundo encuentro titulado \u00abEl Trabajo del futuro es el Trabajo de la Educaci\u00f3n hoy\u00bb a cargo de Marcelo Zanitti y Yesica L\u00f3pez. Inscripci\u00f3n gratuita aqu\u00ed <a style=\"font-weight: 400;\" href=\"https:\/\/l.facebook.com\/l.php?u=https%3A%2F%2Fforms.gle%2FB525q43owpUgaEFt7%3Ffbclid%3DIwAR0htchJ6EM8EgFsQDwForiwBphoSZtYns9KGjlpNZv_xvjpKkgZx5JomEc&amp;h=AT1HbVFabYndUVw7VAPOuv4jiIQ6ZcrmcT7kqrJGC4c05G-nXANcBEAYDwqpXuN8Ebm3tHEN0r9tiO-09tEYBDmhKszoughKoaszTQmvRS225c3ezTW20jI_JPvtZdZAWzPyF7aoEUigliYYuKjLZbDZM93Ubg7V17B-pQQwp-QJgirU4ZVXUuoFDb2RNYeXVvpQFNyaN7Qkpq087vWjYLrxQ13vQdI7d1q68zcDzfwe2kkXGtiY9nqbIJg9ZNHVk00KoQs3SMjCX0CxhIGNo8Bn9ltxHtAtV_FvoStqEeB3JkCTE4rqmYoe8O90lq8_C12PU8pGJMDXdjdUAaLXh2jrWfj5dh6zSbwFGxS3dZkSn8zWrpr1CUjuXj6tWBPTqDqwSh-bCWl8TkWwqz1YVpNaiqMbVNqLRIZG3XZ2UBenii5CKfAMQkSoRiQCYGUYpDjfVcjfKGFlpqtr3GVG7pGb9nXZvHIwLBM_OKgelGMapMwBb1ZC-ILbesooSr9Op_rkAmEo1jWXvdfmZUx2Z3wYfz4rA7a3-b93FPhoAT4qFEg_TQ1HE9MdJggI2LiSbIC8NuH-KTLi1Fv0BdVRguk6SuotEdFMb6IaXa7Lsul9VPuqrXw7mV2f4YCXgn5fA6GuAMUe9XEtsQdx\" data-ft=\"{&quot;tn&quot;:&quot;-U&quot;}\" data-lynx-mode=\"async\"> https:\/\/forms.gle\/B525q43owpUgaEFt7<\/a><!--more--><\/p>\n<p>Los encuentros est\u00e1n destinados a directivos, docentes e integrantes de Equipo de Orientaci\u00f3n Escolar. Se brindan a trav\u00e9s de una sala de Blackboard Collaborate y en este caso tiene una duraci\u00f3n de 50 minutos,\u00a0 20 de los cuales ser\u00e1n para la \u00a0exposici\u00f3n de Marcelo Zanitti y 20 minutos de cierre por parte de Yesica L\u00f3pez. Al final habr\u00e1 espacio para las preguntas.<\/p>\n<p><a href=\"https:\/\/quasarcomunicacion.com.ar\/web\/wp-content\/uploads\/2020\/06\/junio.gif\"><img class=\"aligncenter\" src=\"https:\/\/quasarcomunicacion.com.ar\/web\/wp-content\/uploads\/2020\/06\/junio.gif\" \/><\/a><\/p>\n<p>Marcelo Javier Zanitti es Doctor en Ciencias de la Educaci\u00f3n por la Universidad del Salvador. Ingeniero en Sistemas de Informaci\u00f3n y Licenciado en Sistemas de Informaci\u00f3n por la Universidad Tecnol\u00f3gica Nacional, Facultad Regional Buenos Aires. Asesor Tecnol\u00f3gico de diversas empresas del \u00e1mbito P\u00fablico y Privado. Director del Instituto de Investigaci\u00f3n en Ciencia y Tecnolog\u00eda. Director de las carreras de Licenciatura en Sistemas de Informaci\u00f3n e Ingenier\u00eda en Inform\u00e1tica, Universidad del Salvador. Decano de la Facultad de Ingenier\u00eda, Universidad del Salvador.<\/p>\n<p>Zanitti hablar\u00e1 sobre c\u00f3mo la sociedad digital y del conocimiento demanda nuevas habilidades. Cada vez m\u00e1s, las \u00e1reas de producci\u00f3n y servicios requieren el uso de nuevas tecnolog\u00edas. Si bien muchos empleos y tareas hechas por el hombre pronto ser\u00e1n reemplazados por robots, la tecnolog\u00eda tambi\u00e9n abre nuevas oportunidades de mercado para las profesiones tradicionales y crea nuevos puestos de trabajo.<\/p>\n<p>Por su parte, Yesica L\u00f3pez\u00a0 es responsable de relaciones acad\u00e9micas en IBM Argentina. Facilitadora de Enterprise Design Thinking en Innovation &amp; Growth &#8211; IBM &#8211; Licenciada en Comunicaci\u00f3n Social de la Universidad Nacional de Quilmes &#8211; Scrum Master Certificada por Scrum Alliance &#8211; Facilitadora de Retrospectivas Scrum Alliance.<\/p>\n<p>Durante su exposici\u00f3n propondr\u00e1 reflexionar sobre c\u00f3mo las grandes empresas piensan la formaci\u00f3n de habilidades para los oficios del futuro y la necesidad de adaptar el modelo de ense\u00f1anza para proyectarlos hacia ese perfil.<\/p>\n<p>El\u00a0<strong>Polo Educativo Pilar\u00a0<\/strong>es una asociaci\u00f3n civil sin fines de lucro, fundada en el a\u00f1o 2002, que re\u00fane a instituciones educativas, tanto del Partido de Pilar como tambi\u00e9n de otras jurisdicciones, y que tiene como objetivo principal el promover y desarrollar la educaci\u00f3n, p\u00fablica y privada, en todo el distrito.<\/p>\n<p><strong><em>Por otras im\u00e1genes, audios o entrevistas no dude en contactarse entrevistas no dude en contactarse<\/em><\/strong><\/p>\n<table width=\"100%\">\n<tbody>\n<tr>\n<td width=\"50%\"><strong> Candela Villanueva<\/strong><strong> &#8211; Asistente de Cuentas<\/p>\n<p><\/strong> <b> Directo<\/b><strong>: <\/strong> 0230-4664772<br \/>\n<b> Skype:<\/b> quasarcomunicacion<br \/>\n<b> Instagram<\/b>: @quasarcomunicacion<br \/>\n<b> Twitter:<\/b> @quasarpilar<br \/>\n<b> Gr<\/b><b>upo y p\u00e1gina en Facebook: <\/b> www.facebook.com\/<a href=\"mailto:mfipata@gmail.com\">Quasar<\/a>Comunicacion<br \/>\n<b> Web:<\/b> <a href=\"http:\/\/www.quasarcomunicacion.com.ar\"> www.quasarcomunicacion.com.ar<\/a><\/p>\n<p><b> Mail<\/b><strong>:<\/strong> <a href=\"mailto:fernanda@quasarcomunicacion.com.ar\"> candela<\/a><a href=\"mailto:fernanda@quasarcomunicacion.com.ar\">@quasarcomunicacion.com.ar<\/a><\/td>\n<td width=\"50%\"><strong> Lic. Mar\u00eda Fernanda Ipata &#8211; Directora<br \/>\n<\/strong> <b><br \/>\nDirecto<\/b><strong>: <\/strong> 0230-4664772<br \/>\n<b> M\u00f3vil:<\/b> 0230-15-4584535<br \/>\n<b> Skype:<\/b> quasarcomunicacion<br \/>\n<b> Twitter:<\/b> @quasarpilar<br \/>\n<b> Instagram y Facebook:<\/b> @quasarcomunicacion <b><br \/>\nGr<\/b><b>upo y p\u00e1gina en Facebook: <\/b> www.facebook.com\/<a href=\"mailto:mfipata@gmail.com\">Quasar<\/a>Comunicacion<br \/>\n<b> LinkedIn<\/b><strong>:\u00a0 <\/strong> <strong> <a href=\"http:\/\/www.linkedin.com\/in\/mfipata\"> http:\/\/www.linkedin.com\/in\/mfipata<\/a><\/strong><br \/>\n<b> Web:<\/b> <a href=\"http:\/\/www.quasarcomunicacion.com.ar\"> www.quasarcomunicacion.com.ar<\/a><br \/>\n<b>Mail<\/b><strong>:<\/strong><a href=\"mailto:fernanda@quasarcomunicacion.com.ar\"> fernanda@quasarcomunicacion.com.ar<\/a><b><br \/>\nTelegram: <\/b> @QuasarComunicacion<b><br \/>\nCanal de Telegram para acceder a comunicados:<\/b> https:\/\/t.me\/comunicadosQC<\/td>\n<\/tr>\n<\/tbody>\n<\/table>\n<p>&nbsp;<\/p>\n<p><strong> Acerca del Polo Educativo Pilar<\/strong><\/p>\n<p>El\u00a0<strong>Polo Educativo Pilar\u00a0<\/strong>es una asociaci\u00f3n civil sin fines de lucro que fue fundada en el a\u00f1o 2002, que re\u00fane a instituciones educativas del Partido de Pilar y tiene como objetivo principal el promover y desarrollar la educaci\u00f3n, p\u00fablica y privada, en todo el distrito.<\/p>\n<p>La asociaci\u00f3n nace a partir de 1999 cuando los directivos de los j\u00f3venes colegios privados de Pilar, junto con los que llevaban m\u00e1s a\u00f1os en la ciudad, comienzan a reunirse para considerar sus problem\u00e1ticas comunes. Este hecho, in\u00e9dito en la educaci\u00f3n privada en la Argentina, alcanza un alto grado de sinergia cuando los Colegios deciden trazar un plan para convertir al Partido de Pilar en una localidad que sea conocida por su alto nivel educativo, tanto en las instituciones privadas como en las p\u00fablicas. Con esa idea, un grupo original de 14 Colegios de distintos niveles, funda el\u00a0<strong>Polo Educativo Pilar<\/strong>.<\/p>\n<p>Cabe destacar que entidad obtuvo su personer\u00eda jur\u00eddica en diciembre de 2004 bajo el Nro. 7000\/04 expedido por la Inspecci\u00f3n de Persona jur\u00eddica de la Provincia de Buenos Aires. En el a\u00f1o 2003 es declarada entidad de Bien P\u00fablico por el Municipio de Pilar por Decreto Municipal Nro. 6679\/2003.<\/p>\n","protected":false},"excerpt":{"rendered":"<p>El Polo Educativo Pilar junto a la Universidad del Salvador (USAL) inici\u00f3 en mayo un Ciclo de Desarrollo Profesional. Este [&hellip;]<\/p>\n","protected":false},"author":2,"featured_media":10254,"comment_status":"open","ping_status":"open","sticky":false,"template":"","format":"standard","meta":[],"categories":[2],"tags":[],"_links":{"self":[{"href":"https:\/\/quasarcomunicacion.com.ar\/web\/wp-json\/wp\/v2\/posts\/10253"}],"collection":[{"href":"https:\/\/quasarcomunicacion.com.ar\/web\/wp-json\/wp\/v2\/posts"}],"about":[{"href":"https:\/\/quasarcomunicacion.com.ar\/web\/wp-json\/wp\/v2\/types\/post"}],"author":[{"embeddable":true,"href":"https:\/\/quasarcomunicacion.com.ar\/web\/wp-json\/wp\/v2\/users\/2"}],"replies":[{"embeddable":true,"href":"https:\/\/quasarcomunicacion.com.ar\/web\/wp-json\/wp\/v2\/comments?post=10253"}],"version-history":[{"count":1,"href":"https:\/\/quasarcomunicacion.com.ar\/web\/wp-json\/wp\/v2\/posts\/10253\/revisions"}],"predecessor-version":[{"id":10255,"href":"https:\/\/quasarcomunicacion.com.ar\/web\/wp-json\/wp\/v2\/posts\/10253\/revisions\/10255"}],"wp:featuredmedia":[{"embeddable":true,"href":"https:\/\/quasarcomunicacion.com.ar\/web\/wp-json\/wp\/v2\/media\/10254"}],"wp:attachment":[{"href":"https:\/\/quasarcomunicacion.com.ar\/web\/wp-json\/wp\/v2\/media?parent=10253"}],"wp:term":[{"taxonomy":"category","embeddable":true,"href":"https:\/\/quasarcomunicacion.com.ar\/web\/wp-json\/wp\/v2\/categories?post=10253"},{"taxonomy":"post_tag","embeddable":true,"href":"https:\/\/quasarcomunicacion.com.ar\/web\/wp-json\/wp\/v2\/tags?post=10253"}],"curies":[{"name":"wp","href":"https:\/\/api.w.org\/{rel}","templated":true}]}}