{"id":10208,"date":"2020-05-12T22:53:46","date_gmt":"2020-05-12T22:53:46","guid":{"rendered":"https:\/\/quasarcomunicacion.com.ar\/web\/?p=10208"},"modified":"2020-05-19T17:37:42","modified_gmt":"2020-05-19T17:37:42","slug":"nuevo-sticker-para-stories-compra-local","status":"publish","type":"post","link":"https:\/\/quasarcomunicacion.com.ar\/web\/nuevo-sticker-para-stories-compra-local\/","title":{"rendered":"Nuevo sticker para stories: Compr\u00e1 Local"},"content":{"rendered":"<p>Instagram y Facebook sumaron una nueva colecci\u00f3n de stickers a ra\u00edz de la pandemia por Coronavirus. Al \u00abEn Casa\u00bb, \u00abGracias Personal M\u00e9dico\u00bb ahora se suma uno para apoyar a las peque\u00f1as y medianas empresas, a los negocios locales, tanto en Instagram como en Facebook se sum\u00f3 el \u00abCompr\u00e1 Local\u00bb. Las nuevas pegatinas, ya disponibles, se pueden utilizar en las Stories de ambas redes sociales.<!--more--><\/p>\n<p>Cuando el usuario las utiliza, se le permite mencionar una tienda de barrio, un peque\u00f1o comercio, para darlo a conocer entre sus amigos etiquetando el mismo con @.<\/p>\n<p>Para que te puedan etiquetar tu cuenta tiene que ser comercial (no cuenta personal).<\/p>\n<p><a href=\"https:\/\/quasarcomunicacion.com.ar\/web\/wp-content\/uploads\/2020\/05\/compralocal.jpg\"><img class=\"aligncenter\" src=\"https:\/\/quasarcomunicacion.com.ar\/web\/wp-content\/uploads\/2020\/05\/compralocal.jpg\" \/><\/a><\/p>\n<p>El sticker, adem\u00e1s, permite que el usuario que lo ve pueda ponerse en contacto f\u00e1cilmente con la empresa ya que est\u00e1 arrobada, envi\u00e1ndole un mensaje directo a trav\u00e9s de Instagram o de Facebook. Tambi\u00e9n muestra una vista previa de las tres \u00faltimas publicaciones que ha realizado esa pyme en su cuenta corporativa en el caso de Instagram.<\/p>\n<p>Adem\u00e1s, todos los contenidos publicados con el sticker \u00abCompr\u00e1 Local\u00bb formar\u00e1n parte de una Story especial colectiva que se sit\u00faa en primera posici\u00f3n del feed de Stories y que muestra, a cada persona, los comercios que las personas a las que sigue han decidido destacar.<\/p>\n<p>Es una buena oportunidad para beneficiar a la comunidad de seguidores de cada marca. Es el momento de contactar con clientes y seguidores m\u00e1s afines para incentivarlos a compartir el sticker en sus historias. \u00bfPor qu\u00e9 no lanzar una promoci\u00f3n o descuento especial entre todos aquellos que lo empleen, un sorteo, un regalo?<\/p>\n<p>Mir\u00e1 el video para pasar tu cuenta personal a empresa<\/p>\n<p><iframe loading=\"lazy\" style=\"border: none; overflow: hidden;\" frameborder=\"0\" height=\"483\" scrolling=\"no\" src=\"https:\/\/www.facebook.com\/plugins\/video.php?href=https%3A%2F%2Fwww.facebook.com%2FQuasarComunicacion%2Fvideos%2F555055618774173%2F&amp;show_text=1&amp;width=560\" width=\"560\"><\/iframe><\/p>\n","protected":false},"excerpt":{"rendered":"<p>Instagram y Facebook sumaron una nueva colecci\u00f3n de stickers a ra\u00edz de la pandemia por Coronavirus. Al \u00abEn Casa\u00bb, \u00abGracias [&hellip;]<\/p>\n","protected":false},"author":2,"featured_media":10209,"comment_status":"open","ping_status":"open","sticky":false,"template":"","format":"standard","meta":[],"categories":[64],"tags":[],"_links":{"self":[{"href":"https:\/\/quasarcomunicacion.com.ar\/web\/wp-json\/wp\/v2\/posts\/10208"}],"collection":[{"href":"https:\/\/quasarcomunicacion.com.ar\/web\/wp-json\/wp\/v2\/posts"}],"about":[{"href":"https:\/\/quasarcomunicacion.com.ar\/web\/wp-json\/wp\/v2\/types\/post"}],"author":[{"embeddable":true,"href":"https:\/\/quasarcomunicacion.com.ar\/web\/wp-json\/wp\/v2\/users\/2"}],"replies":[{"embeddable":true,"href":"https:\/\/quasarcomunicacion.com.ar\/web\/wp-json\/wp\/v2\/comments?post=10208"}],"version-history":[{"count":5,"href":"https:\/\/quasarcomunicacion.com.ar\/web\/wp-json\/wp\/v2\/posts\/10208\/revisions"}],"predecessor-version":[{"id":10220,"href":"https:\/\/quasarcomunicacion.com.ar\/web\/wp-json\/wp\/v2\/posts\/10208\/revisions\/10220"}],"wp:featuredmedia":[{"embeddable":true,"href":"https:\/\/quasarcomunicacion.com.ar\/web\/wp-json\/wp\/v2\/media\/10209"}],"wp:attachment":[{"href":"https:\/\/quasarcomunicacion.com.ar\/web\/wp-json\/wp\/v2\/media?parent=10208"}],"wp:term":[{"taxonomy":"category","embeddable":true,"href":"https:\/\/quasarcomunicacion.com.ar\/web\/wp-json\/wp\/v2\/categories?post=10208"},{"taxonomy":"post_tag","embeddable":true,"href":"https:\/\/quasarcomunicacion.com.ar\/web\/wp-json\/wp\/v2\/tags?post=10208"}],"curies":[{"name":"wp","href":"https:\/\/api.w.org\/{rel}","templated":true}]}}