{"id":10190,"date":"2020-05-06T14:40:22","date_gmt":"2020-05-06T14:40:22","guid":{"rendered":"https:\/\/quasarcomunicacion.com.ar\/web\/?p=10190"},"modified":"2020-05-06T14:40:22","modified_gmt":"2020-05-06T14:40:22","slug":"la-camara-pyme-de-pilar-brinda-webinars-gratuitos-para-pymes-y-emprendedores","status":"publish","type":"post","link":"https:\/\/quasarcomunicacion.com.ar\/web\/la-camara-pyme-de-pilar-brinda-webinars-gratuitos-para-pymes-y-emprendedores\/","title":{"rendered":"La C\u00e1mara Pyme de Pilar brinda Webinars gratuitos para Pymes y Emprendedores"},"content":{"rendered":"<p>La <strong>C\u00e1mara de la Peque\u00f1a y Mediana Empresa de Pilar<\/strong> contin\u00faa con acciones beneficiosas para el sector que representa, en esta oportunidad con la realizaci\u00f3n de un ciclo de capacitaciones virtuales gratuitas que se dictan todos los jueves a las 16 hs. La inscripci\u00f3n\u00a0 online puede realizarse aqui https:\/\/bit.ly\/inscripcioncapacitaciones2020 y al final se accede al enlace para ingresar a la sala.<!--more--><\/p>\n<p>El Ciclo de Webinars para Pymes y Emprendedores comenz\u00f3 el jueves 30 de abril con la charla \u00abNuevas estrategias de Ventas. El comportamiento del cliente en el contexto actual\u00bb a cargo de Javier Gonz\u00e1lez Pedraza. All\u00ed se habl\u00f3 sobre el comportamiento del cliente antes de la pandemia, los cambios en el comportamiento en el momento actual y despu\u00e9s de la pandemia.<\/p>\n<p><a href=\"https:\/\/quasarcomunicacion.com.ar\/web\/wp-content\/uploads\/2020\/05\/webinar.gif\"><img class=\"aligncenter\" src=\"https:\/\/quasarcomunicacion.com.ar\/web\/wp-content\/uploads\/2020\/05\/webinar.gif\" \/><\/a><\/p>\n<p>Las charlas quedan grabadas en el flamante canal de Youtube de la instituci\u00f3n al que se puede ingresar aqu\u00ed <a href=\"https:\/\/www.youtube.com\/channel\/UCAN59l7jMFs1DEKrNJecymg\"> https:\/\/www.youtube.com\/channel\/UCAN59l7jMFs1DEKrNJecymg<\/a><\/p>\n<p>El cronograma de mayo contin\u00faa este jueves con la charla \u00abEl rol de los RRHH en Tiempos de pandemia\u00bb a cargo de la Lic. Silvia Fincic de RHIS Consultora y asesora en el \u00e1rea de RRHH de la <strong>C\u00e1mara Pyme de Pilar.<\/strong><\/p>\n<p>El jueves 14 ser\u00e1 el turno de hablar de \u00abProcedimientos preventivos de crisis. Resoluci\u00f3n de conflictos\u00bb, a cargo del Dr Mart\u00edn Sabat\u00e9. El 21 el tema propuesto es \u00abInnovaci\u00f3n y sustentabilidad\u00bb a cargo del Lic. Prem Zalzman\u00a0 y el \u00faltimo jueves del mes se abordar\u00e1 el tema \u00abGeneraci\u00f3n Distribuida de Energ\u00eda Solar aplicada a industrias, comercios y hogares\u00bb a cargo del Ing Pablo Reale<\/p>\n<p>La <strong>C\u00e1mara Pyme de Pilar<\/strong> lanz\u00f3 esta iniciativa junto a la <strong>C\u00e1mara Empresaria del Parque Industrial (CEPIP) <\/strong>y a <strong>Pilar Emprende<\/strong> con el apoyo de la <strong>Municipalidad de Pilar <\/strong>a trav\u00e9s de la Secretar\u00eda de Desarrollo Econ\u00f3mico.<\/p>\n<p>La <strong>C\u00e1mara PyME de Pilar<\/strong> busca fortalecer, promover y desarrollar la tarea empresarial por medio de la capacitaci\u00f3n y la formaci\u00f3n de nuevos contactos actuando como n\u00facleo para el desarrollo de negocios. Su propuesta tiende a obtener un crecimiento conjunto, donde las experiencias vayan enriqueciendo las posibilidades de cada empresa, respondiendo as\u00ed a las necesidades cambiantes del mercado global.<\/p>\n<p>M\u00e1s info y link para asociarse en <a href=\"https:\/\/cpymepilar.org.ar\/\"> https:\/\/cpymepilar.org.ar\/<\/a> o en las redes sociales tienen presencia en facebook y LinkedIn @cpymepilar<\/p>\n<p><strong><em>Por otras im\u00e1genes, audios o entrevistas no dude en contactarse<\/em><\/strong><\/p>\n<p><strong><em> Contactos de Prensa<\/em><\/strong><\/p>\n<table width=\"100%\">\n<tbody>\n<tr>\n<td width=\"50%\"><strong> Candela Villanueva &#8211; Asistente de Cuentas<\/p>\n<p><\/strong> <b> Directo<\/b><strong>: <\/strong> 0230-4664772<br \/>\n<b> Skype:<\/b> quasarcomunicacion<br \/>\n<b> Instagram<\/b>: @quasarcomunicacion<br \/>\n<b> Twitter:<\/b> @quasarpilar<br \/>\n<b> Gr<\/b><b>upo y p\u00e1gina en Facebook: <\/b> www.facebook.com\/<a href=\"mailto:mfipata@gmail.com\">Quasar<\/a>Comunicacion<br \/>\n<b> Web:<\/b> <a href=\"http:\/\/www.quasarcomunicacion.com.ar\"> www.quasarcomunicacion.com.ar<\/a><\/p>\n<p><b> Mail<\/b><strong>:<\/strong> <a href=\"mailto:fernanda@quasarcomunicacion.com.ar\"> candela<\/a><a href=\"mailto:fernanda@quasarcomunicacion.com.ar\">@quasarcomunicacion.com.ar<\/a><\/td>\n<td width=\"50%\"><strong> Lucila Alvarez Rayau- \u00a0Asistente de Cuentas<\/strong><strong><\/p>\n<p><\/strong> <b> Directo<\/b><strong>: <\/strong> 0230-4664772<br \/>\n<b> Whatsapp<\/b><b>:<\/b><a href=\"https:\/\/bit.ly\/2J4cUvm\"> 11 5312 6795<\/a><br \/>\n<a href=\"https:\/\/bit.ly\/2Sn1zLP\">Enviar whatsapp aqu\u00ed<\/a><br \/>\n<b> Skype:<\/b> quasarcomunicacion<br \/>\n<b> Twitter:<\/b> @quasarpilar<br \/>\n<b> Instagram y Facebook:<\/b> @quasarcomunicacion<br \/>\n<b> Web:<\/b> <a href=\"http:\/\/www.quasarcomunicacion.com.ar\"> www.quasarcomunicacion.com.ar<\/a><b><br \/>\nMail<\/b><strong>:<\/strong> <a href=\"mailto:fernanda@quasarcomunicacion.com.ar\"> asistente@quasarcomunicacion.com.ar<\/a><br \/>\n<b> Telegram: <\/b> @QuasarComunicacion<b><br \/>\nCanal de Telegram para acceder a comunicados:<\/b> https:\/\/t.me\/comunicadosQC<\/td>\n<\/tr>\n<\/tbody>\n<\/table>\n","protected":false},"excerpt":{"rendered":"<p>La C\u00e1mara de la Peque\u00f1a y Mediana Empresa de Pilar contin\u00faa con acciones beneficiosas para el sector que representa, en [&hellip;]<\/p>\n","protected":false},"author":2,"featured_media":10189,"comment_status":"open","ping_status":"open","sticky":false,"template":"","format":"standard","meta":[],"categories":[2],"tags":[],"_links":{"self":[{"href":"https:\/\/quasarcomunicacion.com.ar\/web\/wp-json\/wp\/v2\/posts\/10190"}],"collection":[{"href":"https:\/\/quasarcomunicacion.com.ar\/web\/wp-json\/wp\/v2\/posts"}],"about":[{"href":"https:\/\/quasarcomunicacion.com.ar\/web\/wp-json\/wp\/v2\/types\/post"}],"author":[{"embeddable":true,"href":"https:\/\/quasarcomunicacion.com.ar\/web\/wp-json\/wp\/v2\/users\/2"}],"replies":[{"embeddable":true,"href":"https:\/\/quasarcomunicacion.com.ar\/web\/wp-json\/wp\/v2\/comments?post=10190"}],"version-history":[{"count":1,"href":"https:\/\/quasarcomunicacion.com.ar\/web\/wp-json\/wp\/v2\/posts\/10190\/revisions"}],"predecessor-version":[{"id":10191,"href":"https:\/\/quasarcomunicacion.com.ar\/web\/wp-json\/wp\/v2\/posts\/10190\/revisions\/10191"}],"wp:featuredmedia":[{"embeddable":true,"href":"https:\/\/quasarcomunicacion.com.ar\/web\/wp-json\/wp\/v2\/media\/10189"}],"wp:attachment":[{"href":"https:\/\/quasarcomunicacion.com.ar\/web\/wp-json\/wp\/v2\/media?parent=10190"}],"wp:term":[{"taxonomy":"category","embeddable":true,"href":"https:\/\/quasarcomunicacion.com.ar\/web\/wp-json\/wp\/v2\/categories?post=10190"},{"taxonomy":"post_tag","embeddable":true,"href":"https:\/\/quasarcomunicacion.com.ar\/web\/wp-json\/wp\/v2\/tags?post=10190"}],"curies":[{"name":"wp","href":"https:\/\/api.w.org\/{rel}","templated":true}]}}