{"id":10158,"date":"2020-03-31T15:02:33","date_gmt":"2020-03-31T15:02:33","guid":{"rendered":"https:\/\/quasarcomunicacion.com.ar\/web\/?p=10158"},"modified":"2020-03-31T15:02:33","modified_gmt":"2020-03-31T15:02:33","slug":"la-camara-pyme-de-pilar-se-suma-al-pedido-de-la-camara-argentina-de-comercio-solicitando-auxilio-financiero","status":"publish","type":"post","link":"https:\/\/quasarcomunicacion.com.ar\/web\/la-camara-pyme-de-pilar-se-suma-al-pedido-de-la-camara-argentina-de-comercio-solicitando-auxilio-financiero\/","title":{"rendered":"La C\u00e1mara Pyme de Pilar se suma al pedido de la C\u00e1mara Argentina de Comercio solicitando auxilio financiero"},"content":{"rendered":"<p>La <strong>C\u00e1mara Pyme de Pilar<\/strong> se suma al pedido de la C\u00e1mara Argentina de Comercio y Servicios (CAC) solicitando apoyo financiero para auxiliar a las empresas y proteger el empleo.<!--more--><\/p>\n<p>La CAC hizo el pedido en el marco del dif\u00edcil momento que atraviesa la actividad comercial debido a la pandemia Covid-19.<\/p>\n<p>En declaraciones radiales, el Secretario de la C\u00e1mara Argentina de Comercio y Servicios (CAC) Natalio Mario Grinman, reafirm\u00f3 que, para la Entidad lo prioritario es proteger la vida y la salud de la poblaci\u00f3n y record\u00f3 el compromiso de la entidad para acompa\u00f1ar las medidas adoptadas por las autoridades nacionales en pos de mitigar la propagaci\u00f3n de la enfermedad. \u201cEl Gobierno esta actuando de manera excelente, es el pa\u00eds de Latinoam\u00e9rica y quiz\u00e1s del continente que m\u00e1s ha avanzado en este sentido, adelant\u00e1ndose a la problem\u00e1tica\u201d, sostuvo.<\/p>\n<p><a href=\"https:\/\/quasarcomunicacion.com.ar\/web\/wp-content\/uploads\/2020\/03\/pymes.gif\"><img class=\"aligncenter\" src=\"https:\/\/quasarcomunicacion.com.ar\/web\/wp-content\/uploads\/2020\/03\/pymes.gif\" \/><\/a><\/p>\n<p>Desde Pilar, la <strong>C\u00e1mara Pyme <\/strong>se suma al reclamo coincidiendo en la emergencia en la que se encuentra el sector.<\/p>\n<p>La <strong>C\u00e1mara Pyme de Pilar<\/strong> comenzar\u00e1 a dialogar con las empresas del Parque Industrial de Pilar, a trav\u00e9s de la C\u00e1mara Empresaria del Parque Industrial (CEPIP) para ver desde qu\u00e9 espacio se puede fortalecer la productividad, en el presente para las empresas que siguen funcionando y a futuro ir pensando en la protecci\u00f3n de la producci\u00f3n local de bienes y servicios de peque\u00f1as empresas que est\u00e1n en condiciones de proveer a las grandes y favorecer la toma de conciencia de las grandes para que sepan que pueden comprar la mayor\u00eda de los insumos a igual calidad y precio a pymes locales productoras de bienes y servicios<\/p>\n<p>A continuaci\u00f3n, manifest\u00f3 que tambi\u00e9n urge atender la situaci\u00f3n de las empresas, duramente golpeadas por las medidas de contenci\u00f3n del virus, en un contexto de dificultades econ\u00f3micas existentes desde hace a\u00f1os. Mencion\u00f3 que, si bien hay actividades comerciales que est\u00e1n habilitadas a operar, como ser los supermercados y farmacias, una fracci\u00f3n mayoritaria de la actividad mercantil se encuentra inactiva, en cumplimiento de las restricciones vigentes.<\/p>\n<p>El Secretario de la CAC sostuvo que la actividad de Comercio y Servicios que se encuentra paralizada, ocupa a casi 3 millones de empleados registrados. \u201cEn seis d\u00edas estos empleados tienen que cobrar los sueldos\u201d, afirm\u00f3, y abog\u00f3 por la implementaci\u00f3n de medidas extraordinarias que eviten la destrucci\u00f3n de puestos de trabajo. \u201cUna empresa que no trabaja, en 30 d\u00edas quiebra\u201d se\u00f1al\u00f3. Inform\u00f3 tambi\u00e9n que la CAC realiz\u00f3 m\u00faltiples gestiones ante las autoridades, y que estas se vieron reflejadas en recientes anuncios gubernamentales de medidas de alivio, pero consider\u00f3 que se requieren acciones suplementarias.<\/p>\n<p>Grinman abog\u00f3 por la habilitaci\u00f3n de pr\u00e9stamos a tasa cero para las empresas, a fin de evitar el corte de la cadena de pagos y cuidar el empleo. Para ello, sostuvo que puede tener que recurrirse a una mayor emisi\u00f3n monetaria y que quiz\u00e1s esto haga que \u201cel proyecto de bajar la inflaci\u00f3n se tenga que postergar por un tiempo\u201d.<\/p>\n<p>Agreg\u00f3: \u201clos empresarios argentinos estamos acostumbrados, lamentablemente, a trabajar con alta inflaci\u00f3n, pero no podemos trabajar con los comercios cerrados\u201d. Valor\u00f3 la asistencia dada por el Gobierno a los sectores vulnerables, pero consider\u00f3 que tambi\u00e9n se requiere de un apoyo generalizado a la actividad productiva. \u201cSi el sector privado se empieza a fundir no va a haber de d\u00f3nde sacar recursos\u201d, afirm\u00f3.<\/p>\n<p>M\u00e1s info y link para asociarse en <a href=\"https:\/\/cpymepilar.org.ar\/\"> https:\/\/cpymepilar.org.ar\/<\/a><\/p>\n<p><strong><em>Por otras im\u00e1genes, audios o entrevistas no dude en contactarse<\/em><\/strong><\/p>\n<p><strong><em> Contactos de Prensa<\/em><\/strong><\/p>\n<table width=\"100%\">\n<tbody>\n<tr>\n<td width=\"50%\"><strong> Candela Villanueva &#8211; Asistente de Cuentas<\/p>\n<p><\/strong> <b> Directo<\/b><strong>: <\/strong> 0230-4664772<br \/>\n<b> Skype:<\/b> quasarcomunicacion<br \/>\n<b> Instagram<\/b>: @quasarcomunicacion<br \/>\n<b> Twitter:<\/b> @quasarpilar<br \/>\n<b> Gr<\/b><b>upo y p\u00e1gina en Facebook: <\/b> www.facebook.com\/<a href=\"mailto:mfipata@gmail.com\">Quasar<\/a>Comunicacion<br \/>\n<b> Web:<\/b> <a href=\"http:\/\/www.quasarcomunicacion.com.ar\"> www.quasarcomunicacion.com.ar<\/a><\/p>\n<p><b> Mail<\/b><strong>:<\/strong> <a href=\"mailto:fernanda@quasarcomunicacion.com.ar\"> candela<\/a><a href=\"mailto:fernanda@quasarcomunicacion.com.ar\">@quasarcomunicacion.com.ar<\/a><\/td>\n<td width=\"50%\"><strong> Lucila Alvarez Rayau- \u00a0Asistente de Cuentas<\/strong><strong><\/p>\n<p><\/strong> <b> Directo<\/b><strong>: <\/strong> 0230-4664772<br \/>\n<b> Whatsapp<\/b><b>:<\/b><a href=\"https:\/\/bit.ly\/2J4cUvm\"> 11 5312 6795<\/a><br \/>\n<a href=\"https:\/\/bit.ly\/2Sn1zLP\">Enviar whatsapp aqu\u00ed<\/a><br \/>\n<b> Skype:<\/b> quasarcomunicacion<br \/>\n<b> Twitter:<\/b> @quasarpilar<br \/>\n<b> Instagram y Facebook:<\/b> @quasarcomunicacion<br \/>\n<b> Web:<\/b> <a href=\"http:\/\/www.quasarcomunicacion.com.ar\"> www.quasarcomunicacion.com.ar<\/a><b><br \/>\nMail<\/b><strong>:<\/strong> <a href=\"mailto:fernanda@quasarcomunicacion.com.ar\"> asistente@quasarcomunicacion.com.ar<\/a><br \/>\n<b> Telegram: <\/b> @QuasarComunicacion<b><br \/>\nCanal de Telegram para acceder a comunicados:<\/b> https:\/\/t.me\/comunicadosQC<\/td>\n<\/tr>\n<\/tbody>\n<\/table>\n","protected":false},"excerpt":{"rendered":"<p>La C\u00e1mara Pyme de Pilar se suma al pedido de la C\u00e1mara Argentina de Comercio y Servicios (CAC) solicitando apoyo [&hellip;]<\/p>\n","protected":false},"author":2,"featured_media":10156,"comment_status":"open","ping_status":"open","sticky":false,"template":"","format":"standard","meta":[],"categories":[2],"tags":[],"_links":{"self":[{"href":"https:\/\/quasarcomunicacion.com.ar\/web\/wp-json\/wp\/v2\/posts\/10158"}],"collection":[{"href":"https:\/\/quasarcomunicacion.com.ar\/web\/wp-json\/wp\/v2\/posts"}],"about":[{"href":"https:\/\/quasarcomunicacion.com.ar\/web\/wp-json\/wp\/v2\/types\/post"}],"author":[{"embeddable":true,"href":"https:\/\/quasarcomunicacion.com.ar\/web\/wp-json\/wp\/v2\/users\/2"}],"replies":[{"embeddable":true,"href":"https:\/\/quasarcomunicacion.com.ar\/web\/wp-json\/wp\/v2\/comments?post=10158"}],"version-history":[{"count":1,"href":"https:\/\/quasarcomunicacion.com.ar\/web\/wp-json\/wp\/v2\/posts\/10158\/revisions"}],"predecessor-version":[{"id":10159,"href":"https:\/\/quasarcomunicacion.com.ar\/web\/wp-json\/wp\/v2\/posts\/10158\/revisions\/10159"}],"wp:featuredmedia":[{"embeddable":true,"href":"https:\/\/quasarcomunicacion.com.ar\/web\/wp-json\/wp\/v2\/media\/10156"}],"wp:attachment":[{"href":"https:\/\/quasarcomunicacion.com.ar\/web\/wp-json\/wp\/v2\/media?parent=10158"}],"wp:term":[{"taxonomy":"category","embeddable":true,"href":"https:\/\/quasarcomunicacion.com.ar\/web\/wp-json\/wp\/v2\/categories?post=10158"},{"taxonomy":"post_tag","embeddable":true,"href":"https:\/\/quasarcomunicacion.com.ar\/web\/wp-json\/wp\/v2\/tags?post=10158"}],"curies":[{"name":"wp","href":"https:\/\/api.w.org\/{rel}","templated":true}]}}