{"id":10142,"date":"2020-03-18T14:02:23","date_gmt":"2020-03-18T14:02:23","guid":{"rendered":"https:\/\/quasarcomunicacion.com.ar\/web\/?p=10142"},"modified":"2020-03-18T14:02:23","modified_gmt":"2020-03-18T14:02:23","slug":"la-camara-pyme-de-pilar-cumple-21-anos","status":"publish","type":"post","link":"https:\/\/quasarcomunicacion.com.ar\/web\/la-camara-pyme-de-pilar-cumple-21-anos\/","title":{"rendered":"La C\u00e1mara Pyme de Pilar cumple 21 a\u00f1os"},"content":{"rendered":"<p>La <strong>C\u00e1mara Pyme de Pilar<\/strong> cumple sus primeros 21 a\u00f1os el 19 de marzo con renovadas energ\u00edas para este 2020 y un historial de fruct\u00edfero trabajo realizado. <!--more--><\/p>\n<p>La Instituci\u00f3n que nucl\u00e9a a las pymes locales, naci\u00f3 el 19 de marzo de 1999, momento en que se realiza la primera reuni\u00f3n de Mujeres empresarias en Pilar para luego hacer los tr\u00e1mites e inscripciones pertinentes. De esta manera qued\u00f3 instituida la fecha fundacional de la entidad.<\/p>\n<p>M\u00e1s tarde, en noviembre de 1999, seg\u00fan el Acta Constitutiva, se le dio marco legal. Y en febrero de 2001 obtuvieron la Inscripci\u00f3n en Personas Jur\u00eddicas de La Plata<\/p>\n<p><a href=\"https:\/\/quasarcomunicacion.com.ar\/web\/wp-content\/uploads\/2020\/03\/ronda2019.gif\"><img class=\"aligncenter\" src=\"https:\/\/quasarcomunicacion.com.ar\/web\/wp-content\/uploads\/2020\/03\/ronda2019.gif\" \/><\/a><\/p>\n<p>\u00abLa primera reuni\u00f3n y que da origen a nuestro aniversario se hizo en lo que era Violeta Caf\u00e9 en la desaparecida \u00abGaler\u00eda Rosa\u00bb frente a la plaza de Pilar donde se dio el puntapi\u00e9 a la que inscribir\u00edamos luego con el nombre C\u00e1mara de Mujeres PyMe del Partido del Pilar\u00bb, cuenta hoy Marta Yezersky, primera presidente de la Instituci\u00f3n.<\/p>\n<p>Del encuentro realizado en lo que es hoy una tienda, frente a la plaza, estuvieron\u00a0\u00a0 presentes, entre otras: Lisa Youakim, Mirta Cormery, Haydee Burgue\u00f1o, Alicia Ferra, la gerente de Banco Naci\u00f3n, Carmen Mafhud, Posse del Campo, M\u00f3nica Poggi, Karen Timermmann, por mencionar algunas mujeres representativas del momento, Claudia Villarino, entre otras.<\/p>\n<p>Hoy la C\u00e1mara est\u00e1 integrada por hombres y mujeres,\u00a0 y est\u00e1 presidida por Silvio Ferraro, quien indic\u00f3 que \u00abse viene un 2020 lleno de proyectos centrados fundamentalmente en el \u00e1rea de la capacitaci\u00f3n. El a\u00f1o pasado lo terminamos con la firma de un convenio con la UTN que nos permite unir fuerzas apuntando a pymes y emprendedores para sumar \u00e1reas t\u00e9cnicas que se direccionen a oficios o habilidades, que hoy por hoy, son muy reclamadas por el sector\u00bb.<\/p>\n<p>Desde su creaci\u00f3n la C\u00e1mara Pyme de Pilar foment\u00f3 convenios con otras instituciones como AIME (Asociaci\u00f3n Iberoamericana de Mujeres Empresarias), la CEPIP (C\u00e1mara Empresaria del Parque Industrial Pilar), es socio institucional del Consejo Consultivo de la C\u00e1mara Argentina de Comercio (CAC), miembro de la Uni\u00f3n Industrial de la Provincia de Buenos Aires (UIPBA), la FIE\u00a0Argentina (Federaci\u00f3n Interamericana Empresarial).<\/p>\n<p>En estas d\u00e9cadas integraron la comisi\u00f3n la Mujer y el Trabajo de la Uni\u00f3n Industrial Argentina (UIA), fueron panelistas por Argentina en el Congreso Iberoamericano de Mujeres Empresarias (CIME), llevaron adelante el programa televisivo multipremiado llamado Impacto Productivo, lanzaron ProUmPi (la Universidad P\u00fablica de Pilar), hicieron actividades junto a la Uni\u00f3n Industrial de Pilar, editaron la primera revista para Mujeres Empresarias de la regi\u00f3n, participaron del Foro de Mujeres del Mercosur, etc.<\/p>\n<p><a href=\"https:\/\/quasarcomunicacion.com.ar\/web\/wp-content\/uploads\/2020\/03\/silvioronda.gif\"><img class=\"aligncenter\" src=\"https:\/\/quasarcomunicacion.com.ar\/web\/wp-content\/uploads\/2020\/03\/silvioronda.gif\" \/><\/a><\/p>\n<p>Firmaron infinidad de convenios, por ejemplo con la C\u00e1mara de Micro, Peque\u00f1a y Mediana Empresa de Z\u00e1rate (CAPyME), con el Consejo Superior de la Universidad de Luj\u00e1n, con el Ministerio de Trabajo de la Provincia de Buenos Aires, con la Universidad del Salvador, con la Subsecretar\u00eda de Promoci\u00f3n y Desarrollo de Microempresas del Ministerio de Producci\u00f3n y el Empleo de la Provincia de Buenos Aires, con Austral Salud, Medif\u00e9 y la lista es interminable.<\/p>\n<p>\u00abUno de los pilares de la C\u00e1mara es la capacitaci\u00f3n y firmar un convenio con una entidad tan prestigiosa viene a complementar todas las herramientas que normalmente damos y nos permite incorporar cuestiones mucho m\u00e1s t\u00e9cnicas accediendo a capacitaciones, que junto con las de gesti\u00f3n, ayudan mucho a nuestros emprendedores\u00bb, agreg\u00f3 Ferraro.<\/p>\n<p>Muchas de las capacitaciones se llevaron adelante gracias al respaldo permanente y a lo largo de tantos a\u00f1os, que brinda la C\u00e1mara Argentina de Comercio y en especial gracias al incondicional apoyo de Julita Maristany, directiva de CAC y Vice presidente de la C\u00e1mara pilarense.<\/p>\n<p>En estas dos d\u00e9cadas pasaron disertantes como Gustavo Segr\u00e9, Cristina Fern\u00e1ndez de Kirchner, Dr. Alberto Levy, Teresa Garc\u00eda, entre muchos otros.<\/p>\n<p>\u00abTambi\u00e9n queremos trabajar codo a codo con las autoridades municipales, con quienes ya nos hemos reunido y estamos trabajando para plasmar varios proyectos en beneficio de las pymes de Pilar\u00bb, complet\u00f3 Ferraro.<\/p>\n<p>Adem\u00e1s, ya cuentan con fecha para una nueva edici\u00f3n de la Ronda de Negocios de la entidad, que se realizar\u00e1 el 24 de septiembre pr\u00f3ximo. Los interesados ya podr\u00e1n solicitar informaci\u00f3n a trav\u00e9s de la web de la C\u00e1mara, ingresando en www.cpymepilar.org.ar<\/p>\n<p>La <strong>C\u00e1mara Pyme de Pilar<\/strong> busca fortalecer, promover y desarrollar la tarea empresarial por medio de la capacitaci\u00f3n y la formaci\u00f3n de nuevos contactos actuando como n\u00facleo para el desarrollo de negocios. Su propuesta tiende a obtener un crecimiento conjunto, donde las experiencias vayan enriqueciendo las posibilidades de cada empresa, respondiendo as\u00ed a las necesidades cambiantes del mercado global.<\/p>\n<p>M\u00e1s info y link para asociarse en <a href=\"https:\/\/cpymepilar.org.ar\/\"> https:\/\/cpymepilar.org.ar\/<\/a><\/p>\n<p><strong><em>Por otras im\u00e1genes, audios o entrevistas no dude en contactarse<\/em><\/strong><\/p>\n<p><strong><em> Contactos de Prensa<\/em><\/strong><\/p>\n<table width=\"100%\">\n<tbody>\n<tr>\n<td width=\"50%\"><strong> Candela Villanueva &#8211; Asistente de Cuentas<\/p>\n<p><\/strong> <b> Directo<\/b><strong>: <\/strong> 0230-4664772<br \/>\n<b> Skype:<\/b> quasarcomunicacion<br \/>\n<b> Instagram<\/b>: @quasarcomunicacion<br \/>\n<b> Twitter:<\/b> @quasarpilar<br \/>\n<b> Gr<\/b><b>upo y p\u00e1gina en Facebook: <\/b> www.facebook.com\/<a href=\"mailto:mfipata@gmail.com\">Quasar<\/a>Comunicacion<br \/>\n<b> Web:<\/b> <a href=\"http:\/\/www.quasarcomunicacion.com.ar\"> www.quasarcomunicacion.com.ar<\/a><\/p>\n<p><b> Mail<\/b><strong>:<\/strong> <a href=\"mailto:fernanda@quasarcomunicacion.com.ar\"> candela<\/a><a href=\"mailto:fernanda@quasarcomunicacion.com.ar\">@quasarcomunicacion.com.ar<\/a><\/td>\n<td width=\"50%\"><strong> Lucila Alvarez Rayau- \u00a0Asistente de Cuentas<\/strong><strong><\/p>\n<p><\/strong> <b> Directo<\/b><strong>: <\/strong> 0230-4664772<br \/>\n<b> Whatsapp<\/b><b>:<\/b><a href=\"https:\/\/bit.ly\/2J4cUvm\"> 11 5312 6795<\/a><br \/>\n<a href=\"https:\/\/bit.ly\/2Sn1zLP\">Enviar whatsapp aqu\u00ed<\/a><br \/>\n<b> Skype:<\/b> quasarcomunicacion<br \/>\n<b> Twitter:<\/b> @quasarpilar<br \/>\n<b> Instagram y Facebook:<\/b> @quasarcomunicacion<br \/>\n<b> Web:<\/b> <a href=\"http:\/\/www.quasarcomunicacion.com.ar\"> www.quasarcomunicacion.com.ar<\/a><b><br \/>\nMail<\/b><strong>:<\/strong> <a href=\"mailto:fernanda@quasarcomunicacion.com.ar\"> asistente@quasarcomunicacion.com.ar<\/a><br \/>\n<b> Telegram: <\/b> @QuasarComunicacion<b><br \/>\nCanal de Telegram para acceder a comunicados:<\/b> https:\/\/t.me\/comunicadosQC<\/td>\n<\/tr>\n<\/tbody>\n<\/table>\n","protected":false},"excerpt":{"rendered":"<p>La C\u00e1mara Pyme de Pilar cumple sus primeros 21 a\u00f1os el 19 de marzo con renovadas energ\u00edas para este 2020 [&hellip;]<\/p>\n","protected":false},"author":2,"featured_media":10140,"comment_status":"open","ping_status":"open","sticky":false,"template":"","format":"standard","meta":[],"categories":[2],"tags":[],"_links":{"self":[{"href":"https:\/\/quasarcomunicacion.com.ar\/web\/wp-json\/wp\/v2\/posts\/10142"}],"collection":[{"href":"https:\/\/quasarcomunicacion.com.ar\/web\/wp-json\/wp\/v2\/posts"}],"about":[{"href":"https:\/\/quasarcomunicacion.com.ar\/web\/wp-json\/wp\/v2\/types\/post"}],"author":[{"embeddable":true,"href":"https:\/\/quasarcomunicacion.com.ar\/web\/wp-json\/wp\/v2\/users\/2"}],"replies":[{"embeddable":true,"href":"https:\/\/quasarcomunicacion.com.ar\/web\/wp-json\/wp\/v2\/comments?post=10142"}],"version-history":[{"count":1,"href":"https:\/\/quasarcomunicacion.com.ar\/web\/wp-json\/wp\/v2\/posts\/10142\/revisions"}],"predecessor-version":[{"id":10143,"href":"https:\/\/quasarcomunicacion.com.ar\/web\/wp-json\/wp\/v2\/posts\/10142\/revisions\/10143"}],"wp:featuredmedia":[{"embeddable":true,"href":"https:\/\/quasarcomunicacion.com.ar\/web\/wp-json\/wp\/v2\/media\/10140"}],"wp:attachment":[{"href":"https:\/\/quasarcomunicacion.com.ar\/web\/wp-json\/wp\/v2\/media?parent=10142"}],"wp:term":[{"taxonomy":"category","embeddable":true,"href":"https:\/\/quasarcomunicacion.com.ar\/web\/wp-json\/wp\/v2\/categories?post=10142"},{"taxonomy":"post_tag","embeddable":true,"href":"https:\/\/quasarcomunicacion.com.ar\/web\/wp-json\/wp\/v2\/tags?post=10142"}],"curies":[{"name":"wp","href":"https:\/\/api.w.org\/{rel}","templated":true}]}}