{"id":10094,"date":"2020-03-10T19:16:17","date_gmt":"2020-03-10T19:16:17","guid":{"rendered":"https:\/\/quasarcomunicacion.com.ar\/web\/?p=10094"},"modified":"2020-03-10T19:19:12","modified_gmt":"2020-03-10T19:19:12","slug":"2o-encuentro-de-vendedores","status":"publish","type":"post","link":"https:\/\/quasarcomunicacion.com.ar\/web\/2o-encuentro-de-vendedores\/","title":{"rendered":"2\u00ba Encuentro De Vendedores Independientes"},"content":{"rendered":"<p>El martes 14 de abril en Castelar Hotel &amp; Spa (Av. de Mayo 1152 \u2013 CABA) de 13 a 20 hs con entrada gratuita se realizar\u00e1 el <strong>2\u00ba Encuentro De Vendedores<\/strong>, el evento en el que se reunir\u00e1n empresas que necesitan incorporar vendedores independientes con vendedores o personas que est\u00e9n buscando un producto o servicio para vender. El evento contar\u00e1 con stands, consultorios con profesionales, \u00e1rea de presentaci\u00f3n de productos, charlas sobre marketing digital, e-commerce y educaci\u00f3n financiera, entre otras novedades que se sumar\u00e1n este a\u00f1o. Inscripci\u00f3n gratuita en <a href=\"http:\/\/www.edv.com.ar\">www.edv.com.ar<\/a><!--more--><\/p>\n<p>Luego de un exitoso 1\u00aa Encuentro realizado en noviembre del 2019, la comunidad de emprendedores independientes se prepara para el <strong>2\u00aa Encuentro De Vendedores<\/strong>, el lugar que re\u00fane a los vendedores o personas que quieren vender con las empresas que necesitan incorporar vendedores independientes.<\/p>\n<p><a href=\"https:\/\/quasarcomunicacion.com.ar\/web\/wp-content\/uploads\/2020\/03\/encuentrovendedores1.gif\"><img class=\"aligncenter\" src=\"https:\/\/quasarcomunicacion.com.ar\/web\/wp-content\/uploads\/2020\/03\/encuentrovendedores1.gif\" \/><\/a><\/p>\n<p>Los asistentes son aquellos que quieren tanto sumar ingresos a su actividad como empezar a vender productos de todo tipo. La idea es que a cada forma de comercializaci\u00f3n y a cada producto encontrar el vendedor adecuado.<\/p>\n<p>Se realizar\u00e1 el martes 14 de abril en Castelar Hotel &amp; Spa ubicado en Avda. de Mayo 1152 \u2013 CABA de 13 a 20 hs con entrada gratuita.<\/p>\n<p>Habr\u00e1 stands, charlas, un sector de networking, un sector de instituciones aliadas estrat\u00e9gicamente, anexaremos a pedido del p\u00fablico un sector de presentaci\u00f3n de productos, y otro de consultorios profesionales donde se podr\u00e1n hacer consultas.<\/p>\n<p>As\u00ed como el a\u00f1o pasado se realizaron charlas motivacionales este a\u00f1o las charlas estar\u00e1n relacionadas con el mundo digital, e-commerce, el marketing digital y la educaci\u00f3n financiera. Durante la \u00faltima hora se realizar\u00e1 un happy hours de ofertas, sorteos y sorpresas.<\/p>\n<p><a href=\"https:\/\/quasarcomunicacion.com.ar\/web\/wp-content\/uploads\/2020\/03\/encuentrovendedores.gif\"><img class=\"aligncenter\" src=\"https:\/\/quasarcomunicacion.com.ar\/web\/wp-content\/uploads\/2020\/03\/encuentrovendedores.gif\" \/><\/a><\/p>\n<p><strong>Link videos del 1\u00aa Encuentro de Vendedores:<\/strong> https:\/\/www.facebook.com\/encuentrodevendedoresIndependientes\/videos\/537671096834177\/<\/p>\n<div id=\"fb-root\"><\/div>\n<p><script async=\"1\" defer=\"1\" crossorigin=\"anonymous\" src=\"https:\/\/connect.facebook.net\/es_LA\/sdk.js#xfbml=1&amp;version=v6.0\"><\/script><\/p>\n<div class=\"fb-video\" data-href=\"https:\/\/www.facebook.com\/encuentrodevendedoresIndependientes\/videos\/456633811904954\/\" data-width=\"500\">\n<blockquote cite=\"https:\/\/www.facebook.com\/encuentrodevendedoresIndependientes\/videos\/456633811904954\/\" class=\"fb-xfbml-parse-ignore\"><p><a href=\"https:\/\/www.facebook.com\/encuentrodevendedoresIndependientes\/videos\/456633811904954\/\">Te contamos sobre el Encuentro de Vendedores Independientes<\/a><\/p>\n<p>Elba Torrado una de las organizadoras del Encuentro de Vendedores te cuenta cuales son las oportunidades laborales que vas a encontrar en el EDV<\/p>\n<p>Publicado por <a href=\"https:\/\/www.facebook.com\/encuentrodevendedoresIndependientes\/\">Encuentro De Vendedores Independientes<\/a> en Jueves, 19 de diciembre de 2019<\/p><\/blockquote>\n<\/div>\n<p><strong>Acerca de las organizadoras:<\/strong><\/p>\n<p><strong>Ana Clara Ojeda:<\/strong> De profesi\u00f3n Dise\u00f1adora Gr\u00e1fica (UBA), especializada en comunicaci\u00f3n integral de empresas, dise\u00f1o editorial, branding para eventos, asesoramiento y dise\u00f1o de imagen en redes sociales. De esp\u00edritu emprendedor, ayuda a sus clientes a tener \u00e9xito con sus empresas o proyectos desde la imagen hasta el asesoramiento y la venta de sus productos.<br \/>\n<strong>Elba Rosa Torrado:<\/strong> Docente, organizadora de eventos, productora y conductora de radio. Ha organizado numerosos eventos dirigidos a emprendedores. Durante 14 a\u00f1os produjo y condujo programas radiales. Actualmente maneja las relaciones p\u00fablicas y fundraising de la ONG MACMA y AADEO, asesora a emprendedoras de distintos rubros, y produce y conduce el programa radial Atrevidas en radio por La Rz, radio digital del grupo Zonica.<\/p>\n<p><strong>Datos de contacto:<\/strong><\/p>\n<p>Ana Clara Ojeda: Cel: 115051-0969 E-mail ana@encuentrodevendedores.com.ar<br \/>\nElba Rosa Torrado: Cel: 115781-2819 E-mail: elbatorrado@gmail.com<br \/>\nWeb: www.encuentrodevendedores.com.ar<br \/>\nFacebook: Encuentro de Vendedores Independientes<br \/>\nInstagram: EncuentroDeVendedores<\/p>\n<p><strong><em>Por otras im\u00e1genes, audios o entrevistas no dude en contactarse<\/em><\/strong><\/p>\n<p><a href=\"https:\/\/t.me\/comunicadosQC\">Acced\u00e9 a los comunicados en nuestro canal de Telegram<\/a><\/p>\n<p><strong><em> Contactos de Prensa<\/em><\/strong><\/p>\n<table width=\"100%\">\n<tbody>\n<tr>\n<td width=\"48%\"><strong> Candela Villanueva &#8211; Asistente de Cuentas<\/strong><\/p>\n<p><b> Directo<\/b><strong>: <\/strong> 0230-4664772<br \/>\n<b> Whatsapp<\/b><b>:<\/b><a href=\"https:\/\/bit.ly\/2J4cUvm\"> 11 5312 6795<\/a><br \/>\n<a href=\"https:\/\/bit.ly\/2Sn1zLP\"> Enviar whatsapp aqu\u00ed<\/a><br \/>\n<b> Skype:<\/b> quasarcomunicacion<br \/>\n<b> Twitter:<\/b> @quasarpilar<br \/>\n<b> Instagram y Facebook:<\/b> @quasarcomunicacion<br \/>\n<b> Web:<\/b> <a href=\"http:\/\/www.quasarcomunicacion.com.ar\"> www.quasarcomunicacion.com.ar<\/a><b><br \/>\nMail<\/b><strong>:<\/strong> <a href=\"mailto:fernanda@quasarcomunicacion.com.ar\"> candela<\/a><a href=\"mailto:fernanda@quasarcomunicacion.com.ar\">@quasarcomunicacion.com.ar<\/a><br \/>\n<b> Telegram: <\/b> @QuasarComunicacion<\/td>\n<td width=\"50%\"><strong> Lic. Mar\u00eda Fernanda Ipata &#8211; Directora<br \/>\n<\/strong> <b><br \/>\n<\/b> <b> M\u00f3vil:<\/b> 0230-15-4584535<br \/>\n<b> Whatsapp<\/b><b>:<\/b><a href=\"https:\/\/bit.ly\/2J4cUvm\"> 11 5312 6795<\/a><br \/>\n<a href=\"https:\/\/bit.ly\/2Sn1zLP\"> Enviar whatsapp aqu\u00ed<\/a><br \/>\n<b> Skype:<\/b> quasarcomunicacion<br \/>\n<b> LinkedIn<\/b><strong>:\u00a0 <\/strong> <strong> <a href=\"http:\/\/www.linkedin.com\/in\/mfipata\"> http:\/\/www.linkedin.com\/in\/mfipata<\/a><\/strong><br \/>\n<a href=\"https:\/\/www.linkedin.com\/company\/quasarcomunicacion\"> https:\/\/www.linkedin.com\/company\/quasarcomunicacion<\/a><br \/>\n<b> Instagram y Facebook:<\/b> @quasarcomunicacion <b><br \/>\nWeb:<\/b> <a href=\"http:\/\/www.quasarcomunicacion.com.ar\"> www.quasarcomunicacion.com.ar<\/a><br \/>\n<b> Mail<\/b><strong>:<\/strong><a href=\"mailto:fernanda@quasarcomunicacion.com.ar\"> fernanda@quasarcomunicacion.com.ar<\/a><br \/>\n<b> Canal de Telegram para acceder a comunicados:<\/b> https:\/\/t.me\/comunicadosQC<\/td>\n<\/tr>\n<\/tbody>\n<\/table>\n<p>&nbsp;<\/p>\n<p>&nbsp;<\/p>\n<p>&nbsp;<\/p>\n<p>&nbsp;<\/p>\n","protected":false},"excerpt":{"rendered":"<p>El martes 14 de abril en Castelar Hotel &amp; Spa (Av. de Mayo 1152 \u2013 CABA) de 13 a 20 [&hellip;]<\/p>\n","protected":false},"author":2,"featured_media":10092,"comment_status":"open","ping_status":"open","sticky":false,"template":"","format":"standard","meta":[],"categories":[2],"tags":[],"_links":{"self":[{"href":"https:\/\/quasarcomunicacion.com.ar\/web\/wp-json\/wp\/v2\/posts\/10094"}],"collection":[{"href":"https:\/\/quasarcomunicacion.com.ar\/web\/wp-json\/wp\/v2\/posts"}],"about":[{"href":"https:\/\/quasarcomunicacion.com.ar\/web\/wp-json\/wp\/v2\/types\/post"}],"author":[{"embeddable":true,"href":"https:\/\/quasarcomunicacion.com.ar\/web\/wp-json\/wp\/v2\/users\/2"}],"replies":[{"embeddable":true,"href":"https:\/\/quasarcomunicacion.com.ar\/web\/wp-json\/wp\/v2\/comments?post=10094"}],"version-history":[{"count":2,"href":"https:\/\/quasarcomunicacion.com.ar\/web\/wp-json\/wp\/v2\/posts\/10094\/revisions"}],"predecessor-version":[{"id":10096,"href":"https:\/\/quasarcomunicacion.com.ar\/web\/wp-json\/wp\/v2\/posts\/10094\/revisions\/10096"}],"wp:featuredmedia":[{"embeddable":true,"href":"https:\/\/quasarcomunicacion.com.ar\/web\/wp-json\/wp\/v2\/media\/10092"}],"wp:attachment":[{"href":"https:\/\/quasarcomunicacion.com.ar\/web\/wp-json\/wp\/v2\/media?parent=10094"}],"wp:term":[{"taxonomy":"category","embeddable":true,"href":"https:\/\/quasarcomunicacion.com.ar\/web\/wp-json\/wp\/v2\/categories?post=10094"},{"taxonomy":"post_tag","embeddable":true,"href":"https:\/\/quasarcomunicacion.com.ar\/web\/wp-json\/wp\/v2\/tags?post=10094"}],"curies":[{"name":"wp","href":"https:\/\/api.w.org\/{rel}","templated":true}]}}