{"id":10029,"date":"2020-02-18T14:28:30","date_gmt":"2020-02-18T14:28:30","guid":{"rendered":"https:\/\/quasarcomunicacion.com.ar\/web\/?p=10029"},"modified":"2020-02-18T23:22:56","modified_gmt":"2020-02-18T23:22:56","slug":"en-pilar-se-desarrolla-el-xvi-congreso-de-educacion-en-la-usal-organizado-por-el-polo-educativo","status":"publish","type":"post","link":"https:\/\/quasarcomunicacion.com.ar\/web\/en-pilar-se-desarrolla-el-xvi-congreso-de-educacion-en-la-usal-organizado-por-el-polo-educativo\/","title":{"rendered":"En Pilar se desarrolla el XVI Congreso de Educaci\u00f3n en la USAL organizado por el Polo Educativo"},"content":{"rendered":"<p>Como cada a\u00f1o, en el mes de febrero se lleva adelante el Congreso de Educaci\u00f3n organizado por el Polo Educativo Pilar. La edici\u00f3n 2020 es la 16\u00ba y se desarrollo durante todo el martes 18 de febrero, a sala llena, en el auditorio del Campus Nuestra Se\u00f1ora del Pilar de la Universidad del Salvador donde los disertantes abordaron el tema <strong>\u00abDesarrollo de Habilidades Globales y Socioemocionales\u00bb. <\/strong><!--more--><\/p>\n<p><span style=\"font-family: Verdana; font-size: small;\">De la ceremonia de apertura participaron autoridades de los colegios miembros del <b>Polo Educativo<\/b>, docentes, el Subsecretario de Educaci\u00f3n Municipalidad de Pilar, Dami\u00e1n Esp\u00edndola quien estuvo en representaci\u00f3n del intendente municipal Federico De Ach\u00e1val. Estuvo acompa\u00f1ado por Daniel Guidi, Director General de Escuelas Municipales y Alejandro Piqu\u00e9, Director de Educaci\u00f3n Superior.<\/span><\/p>\n<p><span style=\"font-family: Verdana; font-size: small;\">\u00a0Tambi\u00e9n hubo autoridades de Inspecci\u00f3n regional y del Distrito de Pilar, de Escobar,\u00a0 de Z\u00e1rate Campana. Autoridades de la Universidad del Salvador, entre otras.\u00a0 <\/span><\/p>\n<p><iframe loading=\"lazy\" frameborder=\"0\" height=\"315\" src=\"https:\/\/www.youtube.com\/embed\/kmsG9zIZr10\" width=\"560\"><\/iframe><\/p>\n<p>El encuentro comenz\u00f3 con el discurso de apertura a cargo de la presidente del <strong>Polo Educativo<\/strong>, la Lic. Marcela Golpe de Andrade quien dio la bienvenida a los asistentes citando a Steve Jobs \u201cCuando alguien ama lo que hace, se nota. Cuando no amas lo que hac\u00e9s, se nota a\u00fan m\u00e1s\u00bb<\/p>\n<p><a href=\"https:\/\/quasarcomunicacion.com.ar\/web\/wp-content\/uploads\/2020\/02\/auditorio-1.gif\"><img class=\"aligncenter\" src=\"https:\/\/quasarcomunicacion.com.ar\/web\/wp-content\/uploads\/2020\/02\/auditorio-1.gif\" \/><\/a><\/p>\n<p>\u00abEn esta sencilla cita, Steve Jobs una vez m\u00e1s nos da una lecci\u00f3n de pasi\u00f3n, compromiso, motivaci\u00f3n y liderazgo. Hoy les damos la bienvenida a una nueva oportunidad de encuentro y reflexi\u00f3n. Hoy les damos la bienvenida al 16\u00b0 congreso de Educaci\u00f3n del Polo educativo Pilar. Diecis\u00e9is a\u00f1os consecutivos de encuentro y aprendizaje. La sociedad del conocimiento, la pedagog\u00eda del cuidado, liderazgo, el aprendizaje centrado en el alumno, son algunos de los temas que fuimos desarrollando a lo largo de estos 16 encuentros\u00bb, dijo Marcela Golpe de Andrade.<\/p>\n<p>\u00abQueremos agradecerles a todos por estar ac\u00e1 hoy, por su dedicaci\u00f3n, por entender que la educaci\u00f3n es una PROFESI\u00d3N, una vocaci\u00f3n, y un servicio. Gracias especialmente a quienes nos han acompa\u00f1ado durante cada congreso. El Polo Educativo naci\u00f3 hace casi ya 18 a\u00f1os con una misi\u00f3n: unir esfuerzos en pos de una mejor educaci\u00f3n para nuestros chicos. Abrazamos la diversidad, la inclusi\u00f3n, la calidad, los valores\u00bb, agreg\u00f3 la presidente de la instituci\u00f3n a los m\u00e1s de 800 asistentes.<\/p>\n<p>\u00abHoy queremos mirarnos a nosotros mismos, como personas. Queremos proponerles una reflexi\u00f3n sobre el desarrollo de habilidades globales y socioemocionales partiendo desde nosotros mismos. No podemos pretender acompa\u00f1ar el desarrollo de estas habilidades en nuestros alumnos si no partimos desde nosotros, de lo que podemos ofrecer, de lo que podemos comprometernos a hacer y a lograr.\u00a0La convocatoria es a compartir voces\u00bb.<\/p>\n<p>Al momento de agradecer, dijo que \u00abagradecemos a todos los profesionales que hoy nos acompa\u00f1an desde la diversidad de sus presentaciones y la riqueza de su mirada.\u00a0Tambi\u00e9n queremos agradecer a la USAL por recibirnos cada a\u00f1o generosamente y hacer de su casa, nuestra casa.\u00a0 Gracias tambi\u00e9n a todas las empresas que nos acompa\u00f1an. Gracias por su pasi\u00f3n por la educaci\u00f3n y por ayudarnos con innovaci\u00f3n, servicios, ideas y capacitaciones.\u00a0Una palabra de agradecimiento especial tambi\u00e9n a Proyecto DANE y a la Fundaci\u00f3n Varkey por su permanente esfuerzo en pos de la calidad y la inclusi\u00f3n\u00bb.<\/p>\n<p><a href=\"https:\/\/quasarcomunicacion.com.ar\/web\/wp-content\/uploads\/2020\/02\/auditorio2.gif\"><img class=\"aligncenter\" src=\"https:\/\/quasarcomunicacion.com.ar\/web\/wp-content\/uploads\/2020\/02\/auditorio2.gif\" \/><\/a><\/p>\n<p>\u00abGracias a las autoridades que hoy nos acompa\u00f1an. Gobierno del partido de Pilar, autoridades educativas. Su presencia habla de poder pensar juntos y hacer juntos. Hoy no podemos pensar la educaci\u00f3n en soledad. Es necesario Construir redes entre lo p\u00fablico y lo privado entendiendo que tenemos un \u00fanico objetivo: ofrecer educaci\u00f3n de calidad a nuestros ni\u00f1os y j\u00f3venes, promover la equidad y educar en valores acompa\u00f1ando a las familias\u00bb, agreg\u00f3.<\/p>\n<p>Durante el encuentro, tambi\u00e9n se abri\u00f3 oficialmente la convocatoria a una nueva edici\u00f3n del Educador del A\u00f1o. Este proyecto invita a todos los docentes a compartir sus pr\u00e1cticas y ponerlas en valor.<\/p>\n<p>\u00abEs momento de disfrutar este d\u00eda pensando en un nuevo comienzo, y en una nueva oportunidad de dar lo mejor de nosotros para nuestros alumnos. Los invito a llenar el alma y la mente de ideas y sue\u00f1os! Gracias por empezar este a\u00f1o 2020 pensando en una mejor educaci\u00f3n! Y los invito ahora a escuchar a quien desde su humilde pero enorme lugar, se ha convertido en un referente para los educadores: el ganador del Global Teacher Prize 2019, Peter Tabichi\u00bb, finaliz\u00f3 Andrade.<\/p>\n<p><a href=\"https:\/\/quasarcomunicacion.com.ar\/web\/wp-content\/uploads\/2020\/02\/auditorio3.gif\"><img class=\"aligncenter\" src=\"https:\/\/quasarcomunicacion.com.ar\/web\/wp-content\/uploads\/2020\/02\/auditorio3.gif\" \/><\/a><\/p>\n<p>A continuaci\u00f3n, el subsecretario de Educaci\u00f3n, Dami\u00e1n Esp\u00edndola, dirigi\u00f3 unas palabras \u00abno es para menos que estemos hoy , luego de 16 a\u00f1os del primer congreso, celebrando la importancia de este congreso educativo. Hago llegar el saludo del intendente municipal\u00a0 y cuando habl\u00e1bamos de venir, reflexionamos juntos sobre la importancia de la tarea docente, de profesionalizar esa tarea, desde el Estado Municipal venimos a hablar de la profesionalizaci\u00f3n docente y de la formaci\u00f3n docente, porque somos profesionales\u00bb, asegur\u00f3.<\/p>\n<p>\u00abEstamos en una comunidad totalmente compleja, donde mam\u00e1 y pap\u00e1 se quedan sin trabajo, donde el contexto social es complicado y planteamos el desaf\u00edo de integrar este Pilar que tenemos, para lograr un Pilar unido. Creemos que la educaci\u00f3n es la base para eliminar toda desigualdad, logrando la vinculaci\u00f3n de los oficios y la educaci\u00f3n, con las Escuelas Municipales, las Universidades, estamos pensando en un Pilar diferente, vinculando el trabajo con la educaci\u00f3n\u00bb.<\/p>\n<p>\u00abNuestra profesi\u00f3n es una profesi\u00f3n de amor, les agradezco porque est\u00e1n ac\u00e1 pensando como hacer un Pilar m\u00e1s igualitario y lograr una educaci\u00f3n de calidad\u00bb, finaliz\u00f3 Esp\u00edndola.<\/p>\n<p>Este a\u00f1o disertaron: Arturo Clari\u00e1, Mercedes Miguel, Joaqu\u00edn Urcola, Lucila Dighero, M\u00f3nica Rodr\u00edguez Salvo, Elisa Nudman, Jorge C\u00e1mpora, Jennifer Verschoor, Alicia Paniagua, Mat\u00edas Eisbruch y Stephanie Speranza.<\/p>\n<p>Durante toda la jornada se llevaron adelante conferencias y encuentros simult\u00e1neos para elegir la tem\u00e1tica de mayor inter\u00e9s para cada asistente. Ser\u00e1n alrededor de 10 capacitaciones que se brindar\u00e1n durante toda la jornada. Adem\u00e1s, se proyectar\u00e1n videos y habr\u00e1 un Concierto Did\u00e1ctico titulado Ir y venir, que propone un recorrido por la identidad sonora de nuestra m\u00fasica latinoamericana mestiza poniendo el foco en la manera en que hemos sido capaces de construir un discurso sonoro, una est\u00e9tica regional, un desarrollo estil\u00edstico desde lo sincr\u00e9tico. Se tratar\u00e1 de una historia breve, amena e ilustrada sonoramente sobre las m\u00fasicas hechas aqu\u00ed con los instrumentos que, aunque llegados de diversos lugares del mundo, suenan como si fueran locales.<\/p>\n<p>En esta edici\u00f3n acompa\u00f1an al <strong>Polo Educativo Pilar <\/strong>las siguientes empresas: Brainy Learning, Fase 2 Turismo Educativo, Kimple, Logos, Matic Soluciones Educativas, Syzygy, Wolox Driving Innovation, Mediatel Connecting ahead, Sesi y Revista Colegio, las mejores propuestas educativas.<\/p>\n<p>Luego del discurso de apertura se procedi\u00f3 a la proyecci\u00f3n del video de\u00a0 Peter Tabichi ganador del Global Teacher Prize 2019 y Agust\u00edn Porres de la Fundaci\u00f3n Varkey.<\/p>\n<p>M\u00e1s tarde, tuvo lugar la <strong> Conferencia \u00bfQu\u00e9 habilidades buscan las empresas del futuro? a cargo de Stephanie SPERANZA y Mat\u00edas EISBRUCH. <\/strong>Durante la exposici\u00f3n se habl\u00f3 de la automatizaci\u00f3n del empleo y los nuevos, cambiantes y, por momentos, impredecibles escenarios en el \u00e1mbito laboral. Frente a esto nos planteamos: \u00bfdesaparecer\u00e1n algunos puestos de trabajo o, simplemente, evolucionar\u00e1n hacia nuevas formas? \u00bfC\u00f3mo podemos preparar a los j\u00f3venes para ese futuro laboral? \u00bfQu\u00e9 metodolog\u00edas del mundo de la innovaci\u00f3n pueden ser aplicadas para potenciar los procesos educativos?<\/p>\n<p>Luego fue el momento de la <strong>Conferencia \u201cEscuelas L\u00edquidas\u201d, dictada por Mercedes MIGUEL en el auditorio central. All\u00ed se plantearon los interrogantes: <\/strong>\u00bfDe qu\u00e9 hablamos cuando hablamos de Innovaci\u00f3n en educaci\u00f3n? \u00bfC\u00f3mo ense\u00f1amos<br \/>\na aprender habilidades?<\/p>\n<p>Tras el coffe y un nuevo video, fue el turno de la <strong> Conferencia \u201cLiderazgo e innovaci\u00f3n como ejes de la transformaci\u00f3n escolar\u201d a cargo de Joaqu\u00edn URCOLA de la Fundaci\u00f3n Varkey. <\/strong> Durante la exposici\u00f3n, Urcola se bas\u00f3 en la premisa que en todo el mundo est\u00e1n surgiendo modelos educativos que buscan transformar, de manera innovadora, una escuela que ha quedado obsoleta frente a las necesidades actuales. El prop\u00f3sito ser\u00e1 construir un peque\u00f1o consenso que recoja las voces y pr\u00e1cticas de algunos maestros y directores de la Argentina. En ese sentido, presentaremos el video de un director de la provincia de Salta y desde all\u00ed, con el objeto de iniciar un di\u00e1logo e intercambiar experiencias, iniciaremos una conversaci\u00f3n que re\u00fana diferentes miradas innovadoras, haciendo hincapi\u00e9 en las habilidades necesarias que este tiempo nos exige para la transformaci\u00f3n de las escuelas.<\/p>\n<p>Este a\u00f1o se incorpor\u00f3 un Meet &amp; Greet y luego del almuerzo libre se realizaron una serie de encuentro simult\u00e1neos en las diversas aulas con tem\u00e1ticas muy diversas:<\/p>\n<p>\u27a2 <strong>La Regulaci\u00f3n Emocional en el aula &#8211; Lic. Lucila DIGHERO<\/strong><br \/>\nLas emociones sostienen los procesos cognitivos (atenci\u00f3n, memoria, toma de decisi\u00f3n, etc.) cuando est\u00e1n bien reguladas, pero interfieren con ellos cuando est\u00e1n mal controladas. En este taller trabajaremos estrategias y actividades para ayudar a nuestros alumnos a manejar las emociones en el aula y, as\u00ed, lograr un entorno favorable al aprendizaje.<\/p>\n<p>\u27a2 <strong>Aprendizaje socioemocional: construyendo las bases de las habilidades del futuro &#8211; Lic. M\u00f3nica RODRIGUEZ SALVO<\/strong><br \/>\nCuando educamos para la vida, el rol de las habilidades Socioemocionales se vuelve<br \/>\nabsolutamente fundamental. El futuro de las habilidades comienza hoy, preparando a nuestros alumnos para entornos cambiantes y desaf\u00edos permanentes. \u00bfC\u00f3mo implementar programas sostenibles de habilidades socioemocionales? \u00bfCu\u00e1les son los ejemplos de implementaci\u00f3n m\u00e1s relevantes? \u00bfQu\u00e9 desaf\u00edos deben tener en cuenta las Instituciones educativas? En esta sesi\u00f3n pr\u00e1ctica y vivencial, se compartir\u00e1n ideas, estrategias y recursos para transitar el camino hacia la educaci\u00f3n integral.<\/p>\n<p>\u27a2 <strong>Herramientas de Liderazgo en la Gesti\u00f3n Educativa &#8211; Dr. Jorge C\u00c1MPORA<\/strong><br \/>\nEl Taller lograr\u00e1 concebir el desarrollo personal y profesional de los participantes, mediante la transferencia de competencias gen\u00e9ricas que les brinden habilidades efectivas y anticipatorias de gesti\u00f3n, ante las necesidades del entorno social.<\/p>\n<p>\u27a2 I<strong>nnovar con los Objetivos de Desarrollo Sostenible &#8211; Jennifer VERSCHOOR, Camila VILCINSKAS y Gast\u00f3n BELLAFANTI ZAGHET.<\/strong><br \/>\nDurante la presentaci\u00f3n los participantes comprender\u00e1n c\u00f3mo implementar los Objetivos de Desarrollo Sostenible en sus instituciones. Se compartir\u00e1n ejemplos concretos de los ODS en escuelas y un ebook gratuito para su implementaci\u00f3n.<\/p>\n<p>\u27a2 <strong>El valor de la terapia basada en LEGO\u00ae para promover la interacci\u00f3n y la comunicaci\u00f3n en ni\u00f1os. &#8211; Lic. Alicia PANIAGUA<\/strong><br \/>\nLa terapia basada en lego\u00ae es un programa de desarrollo social con evidencia cient\u00edfica, una intervenci\u00f3n l\u00fadica y motivadora. Se utiliza el juego para desarrollar la competencia social mediante la creaci\u00f3n de oportunidades de interacci\u00f3n. Se basa en el Concepto de \u00abaplicaci\u00f3n constructiva\u00bb, el uso de los propios intereses del ni\u00f1o para motivar el aprendizaje y el cambio. (Attwood 1998, p.96). Se ha comprobado que los ni\u00f1os experimentan una mayor motivaci\u00f3n para iniciar el contacto social y participar en interacciones sostenidas con los dem\u00e1s (LeGoff, 2004).<\/p>\n<p>Luego de los encuentros, fue el turno del Coffee Break y el Concierto Did\u00e1ctico \u201cIr y Venir\u201d &#8211; Manuel \u00c1lvarez Ugarte. Este concierto, propone un recorrido por la identidad sonora de nuestra m\u00fasica latinoamericana mestiza poniendo el foco en la manera en que hemos sido capaces de construir un discurso sonoro, una est\u00e9tica regional, un desarrollo estil\u00edstico desde lo sincr\u00e9tico. Una historia breve, amena e ilustrada sonoramente sobre las m\u00fasicas hechas aqu\u00ed con los instrumentos que, aunque llegados de diversos lugares del mundo, suenan como si fueran locales.<\/p>\n<p>Y por \u00faltimo, la\u00a0 <strong>Conferencia \u201cEducadores s\u00f3lidos en una sociedad l\u00edquida\u201d &#8211; Lic. Arturo CLARI\u00c1. <\/strong>Esta charla tendr\u00e1 como objetivo concientizar a los educadores sobre la realidad adolescente en nuestro pa\u00eds y el mundo. Contextualizar la etapa de \u201csociedad l\u00edquida\u201d en la que nos toca ser educadores de alumnos adolescentes. Hacer hincapi\u00e9 en los valores s\u00f3lidos: autoestima, autenticidad, respeto, empat\u00eda, solidaridad, tolerancia, unidad, fraternidad. Comprender los riesgos externos que se presentan a nuestros adolescentes: alcohol, drogas, violencia, diversi\u00f3n perjudicial, mal uso de las redes sociales, v\u00ednculos sexuales negativos, falta de valores, etc. Comprometer a los educadores a una acci\u00f3n concreta de influencia positiva hacia sus alumnos. Brindar herramientas para ser educadores s\u00f3lidos que acompa\u00f1en el crecimiento de sus alumnos con valores humanos.<\/p>\n<p>&nbsp;<\/p>\n<p><strong>Todo el material de prensa e im\u00e1genes en alta en <\/strong> <a href=\"https:\/\/quasarcomunicacion.com.ar\/web\/congreso2020\/\"> https:\/\/quasarcomunicacion.com.ar\/web\/congreso2020\/<\/a><\/p>\n<table width=\"100%\">\n<tbody>\n<tr>\n<td width=\"54%\"><strong>Mariela Porrini- Asistente de Cuentas<\/strong><\/p>\n<p><b> Directo<\/b><strong>: <\/strong> 0230-4664772<br \/>\n<b> Whatsapp<\/b><b>:<\/b><a href=\"https:\/\/bit.ly\/2J4cUvm\"> 11 5312 6795<\/a><br \/>\n<a href=\"https:\/\/bit.ly\/2Sn1zLP\">Enviar whatsapp aqu\u00ed<\/a><br \/>\n<b> Skype:<\/b> quasarcomunicacion<br \/>\n<b> Twitter:<\/b> @quasarpilar<br \/>\n<b> Instagram y Facebook:<\/b> @quasarcomunicacion<br \/>\n<b> Web:<\/b> <a href=\"http:\/\/www.quasarcomunicacion.com.ar\"> www.quasarcomunicacion.com.ar<\/a><b><br \/>\nMail<\/b><strong>:<\/strong> <a href=\"mailto:fernanda@quasarcomunicacion.com.ar\"> quasar@quasarcomunicacion.com.ar<\/a><\/td>\n<td width=\"44%\"><strong> Virginia Rodr\u00edguez Herrera<\/strong><strong> &#8211; Asistente de Cuentas<\/strong><\/p>\n<p><b> Directo<\/b><strong>: <\/strong> 0230-4664772<br \/>\n<b> Whatsapp<\/b><b>:<\/b><a href=\"https:\/\/bit.ly\/2J4cUvm\"> 11 5312 6795<\/a><br \/>\n<a href=\"https:\/\/bit.ly\/2Sn1zLP\">Enviar whatsapp aqu\u00ed<\/a><br \/>\n<b> Skype:<\/b> quasarcomunicacion<br \/>\n<b> Twitter:<\/b> @quasarpilar<br \/>\n<b> Instagram y Facebook:<\/b> @quasarcomunicacion<br \/>\n<b> Web:<\/b> <a href=\"http:\/\/www.quasarcomunicacion.com.ar\"> www.quasarcomunicacion.com.ar<\/a><b><br \/>\nMail<\/b><strong>:<\/strong> <a href=\"mailto:fernanda@quasarcomunicacion.com.ar\"> asistente@quasarcomunicacion.com.ar<\/a><\/td>\n<\/tr>\n<\/tbody>\n<\/table>\n<p><strong> Acerca del Polo Educativo Pilar<\/strong><\/p>\n<p>El\u00a0<strong>Polo Educativo Pilar\u00a0<\/strong>es una asociaci\u00f3n civil sin fines de lucro que fue fundada en el a\u00f1o 2002, que re\u00fane a instituciones educativas del Partido de Pilar y tiene como objetivo principal el promover y desarrollar la educaci\u00f3n, p\u00fablica y privada, en todo el distrito.<\/p>\n<p>La asociaci\u00f3n nace a partir de 1999 cuando los directivos de los j\u00f3venes colegios privados de Pilar, junto con los que llevaban m\u00e1s a\u00f1os en la ciudad, comienzan a reunirse para considerar sus problem\u00e1ticas comunes. Este hecho, in\u00e9dito en la educaci\u00f3n privada en la Argentina, alcanza un alto grado de sinergia cuando los Colegios deciden trazar un plan para convertir al Partido de Pilar en una localidad que sea conocida por su alto nivel educativo, tanto en las instituciones privadas como en las p\u00fablicas. Con esa idea, un grupo original de 14 Colegios de distintos niveles, funda el\u00a0<strong>Polo Educativo Pilar<\/strong>.<\/p>\n<p>Cabe destacar que entidad obtuvo su personer\u00eda jur\u00eddica en diciembre de 2004 bajo el Nro. 7000\/04 expedido por la Inspecci\u00f3n de Persona jur\u00eddica de la Provincia de Buenos Aires. En el a\u00f1o 2003 es declarada entidad de Bien P\u00fablico por el Municipio de Pilar por Decreto Municipal Nro. 6679\/2003.<\/p>\n","protected":false},"excerpt":{"rendered":"<p>Como cada a\u00f1o, en el mes de febrero se lleva adelante el Congreso de Educaci\u00f3n organizado por el Polo Educativo [&hellip;]<\/p>\n","protected":false},"author":2,"featured_media":10026,"comment_status":"open","ping_status":"open","sticky":false,"template":"","format":"standard","meta":[],"categories":[2],"tags":[],"_links":{"self":[{"href":"https:\/\/quasarcomunicacion.com.ar\/web\/wp-json\/wp\/v2\/posts\/10029"}],"collection":[{"href":"https:\/\/quasarcomunicacion.com.ar\/web\/wp-json\/wp\/v2\/posts"}],"about":[{"href":"https:\/\/quasarcomunicacion.com.ar\/web\/wp-json\/wp\/v2\/types\/post"}],"author":[{"embeddable":true,"href":"https:\/\/quasarcomunicacion.com.ar\/web\/wp-json\/wp\/v2\/users\/2"}],"replies":[{"embeddable":true,"href":"https:\/\/quasarcomunicacion.com.ar\/web\/wp-json\/wp\/v2\/comments?post=10029"}],"version-history":[{"count":4,"href":"https:\/\/quasarcomunicacion.com.ar\/web\/wp-json\/wp\/v2\/posts\/10029\/revisions"}],"predecessor-version":[{"id":10033,"href":"https:\/\/quasarcomunicacion.com.ar\/web\/wp-json\/wp\/v2\/posts\/10029\/revisions\/10033"}],"wp:featuredmedia":[{"embeddable":true,"href":"https:\/\/quasarcomunicacion.com.ar\/web\/wp-json\/wp\/v2\/media\/10026"}],"wp:attachment":[{"href":"https:\/\/quasarcomunicacion.com.ar\/web\/wp-json\/wp\/v2\/media?parent=10029"}],"wp:term":[{"taxonomy":"category","embeddable":true,"href":"https:\/\/quasarcomunicacion.com.ar\/web\/wp-json\/wp\/v2\/categories?post=10029"},{"taxonomy":"post_tag","embeddable":true,"href":"https:\/\/quasarcomunicacion.com.ar\/web\/wp-json\/wp\/v2\/tags?post=10029"}],"curies":[{"name":"wp","href":"https:\/\/api.w.org\/{rel}","templated":true}]}}